{"id":10538,"date":"2013-06-25T14:48:19","date_gmt":"2013-06-25T12:48:19","guid":{"rendered":"https:\/\/www.pegasus-unterwegs.ch\/fr\/?p=10538"},"modified":"2018-09-17T10:10:57","modified_gmt":"2018-09-17T08:10:57","slug":"frontaliers-rss","status":"publish","type":"post","link":"https:\/\/www.pegasus-unterwegs.ch\/fr\/frontaliers-rss\/","title":{"rendered":"Frontaliers"},"content":{"rendered":"<div class=\"wpb-content-wrapper\"><div class=\"fusion-fullwidth fullwidth-box fusion-builder-row-1 hundred-percent-fullwidth non-hundred-percent-height-scrolling\" style=\"--awb-border-radius-top-left:0px;--awb-border-radius-top-right:0px;--awb-border-radius-bottom-right:0px;--awb-border-radius-bottom-left:0px;--awb-overflow:visible;--awb-flex-wrap:wrap;\" ><div class=\"fusion-builder-row fusion-row\"><div class=\"fusion-layout-column fusion_builder_column fusion-builder-column-0 fusion_builder_column_1_1 1_1 fusion-one-full fusion-column-first fusion-column-last fusion-column-no-min-height\" style=\"--awb-bg-size:cover;--awb-margin-bottom:0px;\"><div class=\"fusion-column-wrapper fusion-flex-column-wrapper-legacy\">[vc_row][vc_column][vc_column_text]9. &#8211; 23.6.13<\/p>\n<p style=\"text-align: justify;\">Difficile \u00e0 croire, mais les trois mois approchaient plus vite \u00e0 la fin, qu\u2019il s\u2019y sentait. Nous avons travers\u00e9 tellement rapidement tant de nombreux pays que nous n\u2019avons pas remarqu\u00e9 que nous arrivons \u00e0 la maison aussi vite.<\/p>\n<p style=\"text-align: justify;\">Traverser des fronti\u00e8res dans l&rsquo;UE ne devrait pas \u00eatre compliqu\u00e9, mais sur le chemin du retour nous avons eu malgr\u00e9 tous des probl\u00e8mes.<\/p>\n[\/vc_column_text][\/vc_column][\/vc_row]<div class=\"fusion-clearfix\"><\/div><\/div><\/div><div class=\"fusion-layout-column fusion_builder_column fusion-builder-column-1 fusion_builder_column_1_1 1_1 fusion-one-full fusion-column-first fusion-column-last fusion-column-no-min-height\" style=\"--awb-bg-size:cover;--awb-margin-bottom:0px;\"><div class=\"fusion-column-wrapper fusion-flex-column-wrapper-legacy\">[vc_row][vc_column width=\u00a0\u00bb1\/4&Prime;][vc_single_image image=\u00a0\u00bb6975&Prime; img_size=\u00a0\u00bbfull\u00a0\u00bb][\/vc_column][vc_column width=\u00a0\u00bb3\/4&Prime;][vc_column_text css=\u00a0\u00bb.vc_custom_1443028025744{margin-top: -10px !important;}\u00a0\u00bb]\n<p style=\"text-align: justify;\">Ce fut d&rsquo;abord le d\u00e9part &#8211; je souligne le D\u00c9PART &#8211; de la Turquie, pour entrer \u00e0 la Bulgarie. Point de vue de l\u2019\u00e9migration d\u2019un pays, on pense bien s\u00fbr, qu\u2019il n\u2019y a pas de probl\u00e8me puisqu\u2019on quitte seulement le pays. Et il a commenc\u00e9 confortable, comme pr\u00e9vue. Similaire \u00e0 l&rsquo;entr\u00e9e, nous avons d\u00fb passer \u00e0 3 stations diff\u00e9rentes une fois pour la moto, une fois pour nous et une fois pour l\u2019\u00e9migration finale. Au 2\u00e8me arr\u00eat il a \u00e9t\u00e9 dit \u00e0 un moment que la moto de Gabi serait recherch\u00e9e. Rappelez-vous, nous somme immigr\u00e9 ensemble avec un document commun pour les deux motos. Mais quelque chose semblait de les troubler \u00e0 ma moto. Nous avons d\u00fb tourner et visiter le poste pour l\u2019immigration puis d\u00e9baller tout la moto et ensuite poser la moto de Gabi dans le scanner (un scanner pour des camions, immense). Sur la question pourquoi, bien s\u00fbr, il n&rsquo;y avait pas de r\u00e9ponse !!!! Apr\u00e8s une attente lamentablement longue dans la chaleur nous pouvons traverser tous les traces pour arriver tout de suite \u00e0 la derni\u00e8re station. Gabi \u00e9tait furieuse. Mais les Bulgares \u00e9taient par contre super sympa : des Suisses ? OK, vous pouvez continuer !!!<\/p>\n[\/vc_column_text][\/vc_column][\/vc_row]<div class=\"fusion-clearfix\"><\/div><\/div><\/div><div class=\"fusion-layout-column fusion_builder_column fusion-builder-column-2 fusion_builder_column_1_1 1_1 fusion-one-full fusion-column-first fusion-column-last fusion-column-no-min-height\" style=\"--awb-bg-size:cover;--awb-margin-bottom:0px;\"><div class=\"fusion-column-wrapper fusion-flex-column-wrapper-legacy\">[vc_row][vc_column][vc_column_text]\n<p style=\"text-align: justify;\">Compl\u00e8tement diff\u00e9rant la douane de la Bulgarie vers la Serbie. Nous nous \u00e9tions pr\u00e9par\u00e9s pour une proc\u00e9dure plus longue, mais comme nous avons roul\u00e9 sur un passage de la fronti\u00e8re tr\u00e8s petit, nous avons eu juste pour arr\u00eater et attendre que Monsieur l&rsquo;inspecteur des douanes ait l\u2019amabilit\u00e9 de nous d\u00e9couvrir. Puis il nous a fait sign\u00e9 de traverser. Deux chauffeurs de camion allemand n\u2019avaient pas eu cette chance, ils nous ont dit qu&rsquo;ils attendaient d\u00e9j\u00e0 plus que de 2 heures simplement pour un timbre dans leurs papiers.<\/p>\n[\/vc_column_text][\/vc_column][\/vc_row]<div class=\"fusion-clearfix\"><\/div><\/div><\/div><div class=\"fusion-layout-column fusion_builder_column fusion-builder-column-3 fusion_builder_column_1_1 1_1 fusion-one-full fusion-column-first fusion-column-last fusion-column-no-min-height\" style=\"--awb-bg-size:cover;--awb-margin-bottom:0px;\"><div class=\"fusion-column-wrapper fusion-flex-column-wrapper-legacy\">[vc_row][vc_column width=\u00a0\u00bb5\/6&Prime;][vc_column_text]\n<p style=\"text-align: justify;\">La fronti\u00e8re entre la Croatie et la Slov\u00e9nie \u00e9tait par contre plut\u00f4t sympa. Nous &#8211; sans le savoir &#8211; avions choisi un m\u00e9ga petite fronti\u00e8re en fraude. Devant nous, un tracteur et d\u2019ailleurs juste une petite rue et de la for\u00eat sans fin. L\u2019agent de douane croates s\u2019est excus\u00e9 parce qu\u2019il va prendre un peu de temps pour nous pr\u00e9parer un papier de passage particulier. Et \u00e7a va couter quelque chose. C\u2019\u00e9tait en ordre pour nous, nous n\u2019avait en effet pas de stress. Une fois c\u2019\u00e9tait fait, nous avons conduit les 2 km jusqu\u2019\u00e0 la fronti\u00e8re slov\u00e8ne. Le douanier slov\u00e8ne nous avait expliqu\u00e9 que la douane ne serait pas ouverte pour nous, car il n\u2019est pas \u00e9tabli pour les \u00e9trangers. Toutefois, il a d\u00fb nous laisser passer pour entrer dans l&rsquo;UE. \u00c7a veut dire que le douanier Croate \u00e9tait tr\u00e8s gentil et il a fait une exception pour nous, sans que nous ayons remarqu\u00e9. Il a \u00e9galement aim\u00e9 notre tour et nous \u00e9tions tr\u00e8s heureux, parce que sinon nous aurions \u00e0 faire un d\u00e9tour \u00e9norme.<\/p>\n[\/vc_column_text][\/vc_column][vc_column width=\u00a0\u00bb1\/6&Prime;][vc_single_image image=\u00a0\u00bb6978&Prime; img_size=\u00a0\u00bbfull\u00a0\u00bb alignment=\u00a0\u00bbright\u00a0\u00bb][\/vc_column][\/vc_row]<div class=\"fusion-clearfix\"><\/div><\/div><\/div><div class=\"fusion-layout-column fusion_builder_column fusion-builder-column-4 fusion_builder_column_1_1 1_1 fusion-one-full fusion-column-first fusion-column-last fusion-column-no-min-height\" style=\"--awb-bg-size:cover;--awb-margin-bottom:0px;\"><div class=\"fusion-column-wrapper fusion-flex-column-wrapper-legacy\">[vc_row][vc_column width=\u00a0\u00bb1\/3&Prime;][vc_single_image image=\u00a0\u00bb6976&Prime; img_size=\u00a0\u00bbfull\u00a0\u00bb][\/vc_column][vc_column width=\u00a0\u00bb1\/3&Prime;][vc_single_image image=\u00a0\u00bb6977&Prime; img_size=\u00a0\u00bbfull\u00a0\u00bb][\/vc_column][vc_column width=\u00a0\u00bb1\/3&Prime;][vc_single_image image=\u00a0\u00bb6979&Prime; img_size=\u00a0\u00bbfull\u00a0\u00bb alignment=\u00a0\u00bbright\u00a0\u00bb][\/vc_column][\/vc_row]<div class=\"fusion-clearfix\"><\/div><\/div><\/div><div class=\"fusion-layout-column fusion_builder_column fusion-builder-column-5 fusion_builder_column_1_1 1_1 fusion-one-full fusion-column-first fusion-column-last fusion-column-no-min-height\" style=\"--awb-bg-size:cover;--awb-margin-bottom:0px;\"><div class=\"fusion-column-wrapper fusion-flex-column-wrapper-legacy\">[vc_row][vc_column width=\u00a0\u00bb1\/6&Prime;][vc_single_image image=\u00a0\u00bb6980&Prime; img_size=\u00a0\u00bbfull\u00a0\u00bb css=\u00a0\u00bb.vc_custom_1443025159856{margin-top: 10px !important;}\u00a0\u00bb][\/vc_column][vc_column width=\u00a0\u00bb4\/6&Prime;][vc_column_text]\n<p style=\"text-align: justify;\">Oui, et \u00e0 partir de la Slov\u00e9nie, l&rsquo;Union europ\u00e9enne nous a eu de nouveau, donc tout \u00e9tait facile. Et bien s\u00fbr, aussi l&rsquo;entr\u00e9e en Suisse sur le col Umbrail.<\/p>\n<p style=\"text-align: justify;\">Retour au pays et nous avons fini \u00e0 Davos sans pluie, ce qui est tr\u00e8s agr\u00e9able si on pense \u00e0 notre d\u00e9part dans la neige.<\/p>\n<p style=\"text-align: justify;\">L&rsquo;arriv\u00e9e en Suisse a \u00e9t\u00e9 c\u00e9l\u00e9br\u00e9e avec un point culminant particulier : Peter avait organis\u00e9e une f\u00eate surprise pour le 50i\u00e8me anniversaire de Gabi dans une cabane de montagne. C\u2019\u00e9tait une surprise totale quand nous sommes arriv\u00e9s apr\u00e8s une petite randonn\u00e9e la cabane et tous les amis nous attendaient l\u00e0. Gabi ne peux pas s\u2019imaginer une rentrer \u00e0 la maison plus meilleure. Elle \u00e9tait tout simplement chavir\u00e9e !!!<\/p>\n[\/vc_column_text][\/vc_column][vc_column width=\u00a0\u00bb1\/6&Prime;][vc_single_image image=\u00a0\u00bb6981&Prime; img_size=\u00a0\u00bbfull\u00a0\u00bb alignment=\u00a0\u00bbright\u00a0\u00bb css=\u00a0\u00bb.vc_custom_1443025170915{margin-top: 20px !important;}\u00a0\u00bb][\/vc_column][\/vc_row]<div class=\"fusion-clearfix\"><\/div><\/div><\/div><div class=\"fusion-layout-column fusion_builder_column fusion-builder-column-6 fusion_builder_column_1_1 1_1 fusion-one-full fusion-column-first fusion-column-last fusion-column-no-min-height\" style=\"--awb-bg-size:cover;--awb-margin-bottom:0px;\"><div class=\"fusion-column-wrapper fusion-flex-column-wrapper-legacy\">[vc_row][vc_column width=\u00a0\u00bb1\/12&Prime;][vc_icon icon_fontawesome=\u00a0\u00bbfa fa-reply\u00a0\u00bb color=\u00a0\u00bbgrey\u00a0\u00bb link=\u00a0\u00bburl:http%3A%2F%2Fwww.pegasus-unterwegs.ch%2Ffr%2Freisen%2Fnotizen%2Fmittelmeernotizen%2Fturkeinotizen%2F||\u00a0\u00bb][\/vc_column][vc_column width=\u00a0\u00bb2\/12&Prime;][vc_column_text css=\u00a0\u00bb.vc_custom_1443028274615{margin-top: 20px !important;}\u00a0\u00bb]\n<p>pr\u00e9c\u00e9dant<\/p>\n[\/vc_column_text][\/vc_column][vc_column width=\u00a0\u00bb1\/12&Prime;][vc_icon icon_fontawesome=\u00a0\u00bbfa fa-film\u00a0\u00bb color=\u00a0\u00bbgrey\u00a0\u00bb link=\u00a0\u00bburl:http%3A%2F%2Fwww.pegasus-unterwegs.ch%2Ffr%2Freisen%2Ffotos-film%2Fmittelmeertour%2Fruckreisefotos%2F||\u00a0\u00bb][\/vc_column][vc_column width=\u00a0\u00bb2\/12&Prime;][vc_column_text css=\u00a0\u00bb.vc_custom_1443028286358{margin-top: 20px !important;}\u00a0\u00bb]\n<p>Multim\u00e9dia<\/p>\n[\/vc_column_text][\/vc_column][vc_column width=\u00a0\u00bb1\/12&Prime;][vc_icon icon_fontawesome=\u00a0\u00bbfa fa-picture-o\u00a0\u00bb color=\u00a0\u00bbgrey\u00a0\u00bb link=\u00a0\u00bburl:http%3A%2F%2Fwww.pegasus-unterwegs.ch%2Fwp-content%2Fuploads%2F2013%2F06%2FR%25C3%25BCckfahrt.jpg||target:%20_blank\u00a0\u00bb][\/vc_column][vc_column width=\u00a0\u00bb2\/12&Prime;][vc_column_text css=\u00a0\u00bb.vc_custom_1443028357402{margin-top: 20px !important;}\u00a0\u00bb]\n<p>Itin\u00e9raire<\/p>\n[\/vc_column_text][\/vc_column][vc_column width=\u00a0\u00bb1\/12&Prime;][vc_icon icon_fontawesome=\u00a0\u00bbfa fa-share\u00a0\u00bb color=\u00a0\u00bbgrey\u00a0\u00bb link=\u00a0\u00bburl:http%3A%2F%2Fwww.pegasus-unterwegs.ch%2Ffr%2Freisen%2Fnotizen%2Fjournals-de-bord-des-courtes-sejours%2Fcorse-sardaigne%2F||\u00a0\u00bb][\/vc_column][vc_column width=\u00a0\u00bb2\/12&Prime;][vc_column_text css=\u00a0\u00bb.vc_custom_1443028406764{margin-top: 20px !important;}\u00a0\u00bb]\n<p>prochain<\/p>\n[\/vc_column_text][\/vc_column][\/vc_row]<div class=\"fusion-clearfix\"><\/div><\/div><\/div><\/div><\/div>\n<\/div>","protected":false},"excerpt":{"rendered":"[vc_row][vc_column][vc_column_text]9. - 23.6.13 Difficile \u00e0 croire, mais les trois mois approchaient plus vite \u00e0 la fin, qu\u2019il s\u2019y sentait. Nous avons travers\u00e9 tellement rapidement tant de nombreux pays que nous n\u2019avons pas remarqu\u00e9 que nous  [...]","protected":false},"author":4,"featured_media":10522,"comment_status":"closed","ping_status":"closed","sticky":false,"template":"","format":"standard","meta":{"_jetpack_memberships_contains_paid_content":false,"footnotes":"","jetpack_publicize_message":"Frontaliers","jetpack_publicize_feature_enabled":true,"jetpack_social_post_already_shared":true,"jetpack_social_options":{"image_generator_settings":{"template":"highway","default_image_id":0,"font":"","enabled":false},"version":2}},"categories":[9,170,267],"tags":[],"class_list":["post-10538","post","type-post","status-publish","format-standard","has-post-thumbnail","hentry","category-allgemein-fr","category-journal-de-bord","category-retour-en-suisse"],"jetpack_publicize_connections":[],"jetpack_featured_media_url":"https:\/\/www.pegasus-unterwegs.ch\/wp-content\/uploads\/2013\/06\/N-R\u00fcckreise-130617-1655-_DSC5321.jpg","jetpack_sharing_enabled":true,"_links":{"self":[{"href":"https:\/\/www.pegasus-unterwegs.ch\/fr\/wp-json\/wp\/v2\/posts\/10538","targetHints":{"allow":["GET"]}}],"collection":[{"href":"https:\/\/www.pegasus-unterwegs.ch\/fr\/wp-json\/wp\/v2\/posts"}],"about":[{"href":"https:\/\/www.pegasus-unterwegs.ch\/fr\/wp-json\/wp\/v2\/types\/post"}],"author":[{"embeddable":true,"href":"https:\/\/www.pegasus-unterwegs.ch\/fr\/wp-json\/wp\/v2\/users\/4"}],"replies":[{"embeddable":true,"href":"https:\/\/www.pegasus-unterwegs.ch\/fr\/wp-json\/wp\/v2\/comments?post=10538"}],"version-history":[{"count":0,"href":"https:\/\/www.pegasus-unterwegs.ch\/fr\/wp-json\/wp\/v2\/posts\/10538\/revisions"}],"wp:featuredmedia":[{"embeddable":true,"href":"https:\/\/www.pegasus-unterwegs.ch\/fr\/wp-json\/wp\/v2\/media\/10522"}],"wp:attachment":[{"href":"https:\/\/www.pegasus-unterwegs.ch\/fr\/wp-json\/wp\/v2\/media?parent=10538"}],"wp:term":[{"taxonomy":"category","embeddable":true,"href":"https:\/\/www.pegasus-unterwegs.ch\/fr\/wp-json\/wp\/v2\/categories?post=10538"},{"taxonomy":"post_tag","embeddable":true,"href":"https:\/\/www.pegasus-unterwegs.ch\/fr\/wp-json\/wp\/v2\/tags?post=10538"}],"curies":[{"name":"wp","href":"https:\/\/api.w.org\/{rel}","templated":true}]}}