{"id":22830,"date":"2020-05-05T17:05:53","date_gmt":"2020-05-05T15:05:53","guid":{"rendered":"https:\/\/www.pegasus-unterwegs.ch\/200505-reisen-gestoppt\/"},"modified":"2021-01-01T14:08:40","modified_gmt":"2021-01-01T12:08:40","slug":"200505-reisen-gestoppt","status":"publish","type":"post","link":"https:\/\/www.pegasus-unterwegs.ch\/fr\/200505-reisen-gestoppt\/","title":{"rendered":"Voyage arr\u00eat\u00e9"},"content":{"rendered":"<div class=\"wpb-content-wrapper\">[vc_row][vc_column][vc_column_text]11.3.20 au 18.4.20<\/p>\n<h5>Gr\u00e2ce \u00e0 une tr\u00e8s bonne chance et malgr\u00e9 la crise de Corona, nous avons pass\u00e9 un merveilleux mois en Am\u00e9rique du Sud. L&rsquo;hospitalit\u00e9 argentine \u00e9tait proverbiale et se faisait des amis pour la vie.<\/h5>\n[\/vc_column_text][\/vc_column][\/vc_row][vc_row][vc_column][vc_column_text]\n<h3>Voyager n&rsquo;est plus possible<\/h3>\n[\/vc_column_text][\/vc_column][\/vc_row][vc_row][vc_column width=\u00a0\u00bb1\/2&Prime;][vc_column_text]Apr\u00e8s avoir rendu visite \u00e0 nos amis de Tres Arroyos, nous avons pris douloureusement conscience que voyager ne serait plus possible jusqu&rsquo;\u00e0 nouvel ordre. Les fronti\u00e8res nationales sont ferm\u00e9es, sortir de notre lotissement n&rsquo;est pas autoris\u00e9 et les \u00e9trangers ne sont pas permis \u00e0 faire leurs courses eux-m\u00eames. Le pays libre et hospitali\u00e8re se transforme en \u00e9tat policier. Pour le moment, notre concept de vie ne peut plus \u00eatre mis en \u0153uvre.[\/vc_column_text][\/vc_column][vc_column width=\u00a0\u00bb1\/2&Prime;][vc_single_image image=\u00a0\u00bb22813&Prime; img_size=\u00a0\u00bbfull\u00a0\u00bb alignment=\u00a0\u00bbright\u00a0\u00bb][\/vc_column][\/vc_row][vc_row][vc_column][vc_column_text]\n<h3>Coup de chance<\/h3>\n[\/vc_column_text][\/vc_column][\/vc_row][vc_row][vc_column width=\u00a0\u00bb1\/2&Prime;][vc_single_image image=\u00a0\u00bb22816&Prime; img_size=\u00a0\u00bbfull\u00a0\u00bb][\/vc_column][vc_column width=\u00a0\u00bb1\/2&Prime;][vc_column_text]Nous avons \u00e9t\u00e9 chaleureusement accueillis \u00e0 la ferme par Christian et Mirna, Horacio et Mariana, Santiago, Lola, Ines, Juanse, Clara, Alfonso, Emilia et Franzisco. Nous avons v\u00e9cu ces moments difficiles pour tout le monde de mani\u00e8re d\u00e9tendue et int\u00e9ressante. Nous avons \u00e9t\u00e9 trait\u00e9s comme si nous faisions partie de cette famille \u00e9largie. Nous \u00e9tions tr\u00e8s heureux, nous nous sentions en s\u00e9curit\u00e9 et avons \u00e9t\u00e9 trait\u00e9s comme des invit\u00e9s. Au Lago Alumin\u00e9, nous avons rencontr\u00e9 ces charmantes familles pendant leurs vacances. Nous avons fix\u00e9 que nous viendrions leur rendre visite. Bien entendu, il n&rsquo;\u00e9tait pas pr\u00e9vu que la visite entra\u00eene un couvre-feu. Cependant, ils nous ont tous accueillis \u00e0 bras ouverts et nous ont donn\u00e9 l&rsquo;opportunit\u00e9 de vivre avec eux sur leur Campo pendant plus d&rsquo;un mois. Nous avons \u00e9t\u00e9 tr\u00e8s chanceux et tr\u00e8s reconnaissants pour la chaleur et la g\u00e9n\u00e9rosit\u00e9 de tous les membres de la famille. Malgr\u00e9 des circonstances difficiles, nous avons pass\u00e9 un mois mouvement\u00e9 en compagnie amicale avec des Asados sensationnelles. Le temps nous a rapproch\u00e9s et nous avons appr\u00e9ci\u00e9 la vie \u00e0 la ferme de pr\u00e8s avec toutes les facettes, un \u00e9norme bonheur. L&rsquo;occasion de travailler les champs avec les tracteurs gigantesques \u00e9tait bien s\u00fbr la cerise sur le g\u00e2teau de notre suite de coups de chance.[\/vc_column_text][\/vc_column][\/vc_row][vc_row][vc_column][vc_column_text]\n<h3>Rencontres<\/h3>\n[\/vc_column_text][\/vc_column][\/vc_row][vc_row][vc_column width=\u00a0\u00bb1\/2&Prime;][vc_column_text]Anke et Wolfgang d&rsquo;Allemagne nous ont rattrap\u00e9s au milieu du tout-terrain sur une route de gravier (Ruta 40). Nous avons bavard\u00e9 un peu puis avons d\u00e9cid\u00e9 de passer la nuit ensemble. Ils sont \u00e9videmment all\u00e9s dans cette r\u00e9gion plusieurs fois et nous ont donn\u00e9 de bons conseils. Le lendemain, nous nous sommes s\u00e9par\u00e9s parce que nous voulions visiter la Caverna de las Brujas. Deux jours plus tard, nous avons pris rendez-vous \u00e0 la municipalit\u00e9 de Malarg\u00fce. Les deux ont voulu y rester longtemps. Nous avons pass\u00e9 une bonne soir\u00e9e ensemble et pensons que nous nous rencontrerons plus souvent.[\/vc_column_text][\/vc_column][vc_column width=\u00a0\u00bb1\/2&Prime;][vc_single_image image=\u00a0\u00bb22819&Prime; img_size=\u00a0\u00bbfull\u00a0\u00bb alignment=\u00a0\u00bbright\u00a0\u00bb][\/vc_column][\/vc_row][vc_row][vc_column][vc_column_text]\n<h3>Pi\u00e8ges technologiques<\/h3>\n[\/vc_column_text][\/vc_column][\/vc_row][vc_row][vc_column width=\u00a0\u00bb1\/2&Prime;][vc_single_image image=\u00a0\u00bb22822&Prime; img_size=\u00a0\u00bbfull\u00a0\u00bb][\/vc_column][vc_column width=\u00a0\u00bb1\/2&Prime;][vc_column_text]Notre machine \u00e0 pain bien-aim\u00e9e, un conseil intensif d&rsquo;Herbert F\u00fcss, cuite de mal en pis, finalement elle ne p\u00e9trit plus! Apr\u00e8s avoir analys\u00e9 le probl\u00e8me, il \u00e9tait clair que la propulsion du levier de p\u00e9trissage s&rsquo;\u00e9tait cass\u00e9. Santiago, un propri\u00e9taire de la ferme, a pris la machine sous ses mains. Il les a d\u00e9mont\u00e9s en leurs parties individuelles et a d\u00e9mont\u00e9 le propulseur. La propulsion en inox a d\u00fb \u00eatre soud\u00e9 ! Santiago l&rsquo;a fait, bien s\u00fbr. Aucune vis ne manquait apr\u00e8s l&rsquo;assemblage. Gabi aurait continu\u00e9 \u00e0 cuire du pain \u00e0 la main, nous n&rsquo;aurions jamais pu r\u00e9parer la machine nous-m\u00eames.<\/p>\n<p>\u00c0 un moment donn\u00e9, la lampe au-dessus de la table \u00e0 manger s&rsquo;est \u00e9galement \u00e9teinte. C\u2019est inconfortable par temps sombre et en mangent \u00e0 l&rsquo;int\u00e9rieur. Nous avons essay\u00e9 par Mastervolt, mais tout semblait bien. Pour v\u00e9rifier si elle \u00e9tait sur la ligne, nous avons connect\u00e9 la lampe via la ligne du routeur et nous n\u2019avons plus du routeur non plus ! La lampe avait donc un court-circuit. C&rsquo;\u00e9tait une conclusion importante. Nous avons d\u00e9mont\u00e9 la lampe et Santiago et Hori l&rsquo;ont soigneusement diss\u00e9qu\u00e9. Les c\u00e2bles internes sont cass\u00e9s par la vibration. La lampe est con\u00e7ue pour un usage domestique et non pour les routes en t\u00f4le ondul\u00e9e ! Santiago a soud\u00e9 le joint de soudure tr\u00e8s fin et apr\u00e8s l&rsquo;installation la lampe a de nouveau fonctionn\u00e9. En Suisse que des horlogers font des travailles si fins. Nous avons \u00e9galement pu mettre en service le routeur en red\u00e9marrant le bus ma\u00eetre. Il n&rsquo;y a tout simplement rien comme beaucoup d&rsquo;\u00e9lectronique.[\/vc_column_text][\/vc_column][\/vc_row][vc_row css=\u00a0\u00bb.vc_custom_1511862684697{margin-top: 30px !important;}\u00a0\u00bb][vc_column width=\u00a0\u00bb1\/12&Prime;][vc_single_image image=\u00a0\u00bb18819&Prime; onclick=\u00a0\u00bbcustom_link\u00a0\u00bb link=\u00a0\u00bbhttps:\/\/www.pegasus-unterwegs.ch\/fr\/200402-gastfreundschaft\/\u00a0\u00bb][\/vc_column][vc_column width=\u00a0\u00bb2\/12&Prime;][vc_column_text css=\u00a0\u00bb.vc_custom_1437674367904{margin-top: 20px !important;}\u00a0\u00bb]pr\u00e9c\u00e9dant[\/vc_column_text][\/vc_column][vc_column width=\u00a0\u00bb1\/12&Prime;][vc_single_image image=\u00a0\u00bb18821&Prime; onclick=\u00a0\u00bbcustom_link\u00a0\u00bb link=\u00a0\u00bbhttps:\/\/www.pegasus-unterwegs.ch\/fr\/200426-ein-campo\/\u00a0\u00bb][\/vc_column][vc_column width=\u00a0\u00bb2\/12&Prime;][vc_column_text css=\u00a0\u00bb.vc_custom_1437674382888{margin-top: 20px !important;}\u00a0\u00bb]Multim\u00e9dia[\/vc_column_text][\/vc_column][vc_column width=\u00a0\u00bb1\/12&Prime;][vc_single_image image=\u00a0\u00bb18823&Prime; onclick=\u00a0\u00bbcustom_link\u00a0\u00bb link=\u00a0\u00bbhttps:\/\/www.pegasus-unterwegs.ch\/fr\/200414-lange-etappen-auf-grossen-ueberlandstrassen\/\u00a0\u00bb][\/vc_column][vc_column width=\u00a0\u00bb2\/12&Prime;][vc_column_text css=\u00a0\u00bb.vc_custom_1437674405266{margin-top: 20px !important;}\u00a0\u00bb]Itin\u00e9raire[\/vc_column_text][\/vc_column][vc_column width=\u00a0\u00bb1\/12&Prime;][vc_single_image image=\u00a0\u00bb18825&Prime; onclick=\u00a0\u00bbcustom_link\u00a0\u00bb link=\u00a0\u00bbhttps:\/\/www.pegasus-unterwegs.ch\/fr\/201216-wanderungen-auf-gran-canaria\/\u00a0\u00bb][\/vc_column][vc_column width=\u00a0\u00bb2\/12&Prime;][vc_column_text css=\u00a0\u00bb.vc_custom_1609502877666{margin-top: 20px !important;}\u00a0\u00bb]<a href=\"https:\/\/www.pegasus-unterwegs.ch\/fr\/201216-wanderungen-auf-gran-canaria\/\">prochain<\/a>[\/vc_column_text][\/vc_column][\/vc_row]\n<\/div>","protected":false},"excerpt":{"rendered":"<p>[vc_row][vc_column][vc_column_text]11.3.20 au 18.4.20 Gr\u00e2ce \u00e0 une tr\u00e8s bonne chance et malgr\u00e9 la crise de Corona, nous avons pass\u00e9 un merveilleux mois en Am\u00e9rique du Sud. L&rsquo;hospitalit\u00e9 argentine \u00e9tait proverbiale et se faisait des amis pour  [&#8230;]<\/p>\n","protected":false},"author":4,"featured_media":22825,"comment_status":"open","ping_status":"closed","sticky":false,"template":"","format":"standard","meta":{"_jetpack_memberships_contains_paid_content":false,"footnotes":"","jetpack_publicize_message":"","jetpack_publicize_feature_enabled":true,"jetpack_social_post_already_shared":false,"jetpack_social_options":{"image_generator_settings":{"template":"highway","default_image_id":0,"font":"","enabled":false},"version":2}},"categories":[1162,9,170],"tags":[425,1499,740,485,1496,1113],"class_list":["post-22830","post","type-post","status-publish","format-standard","has-post-thumbnail","hentry","category-argentine","category-allgemein-fr","category-journal-de-bord","tag-6x6-fr","tag-couvre-feu","tag-overlander","tag-retraite","tag-retraite-fr","tag-route-fr"],"jetpack_publicize_connections":[],"jetpack_featured_media_url":"https:\/\/www.pegasus-unterwegs.ch\/wp-content\/uploads\/2020\/05\/20.07-Notizen.png","jetpack_sharing_enabled":true,"_links":{"self":[{"href":"https:\/\/www.pegasus-unterwegs.ch\/fr\/wp-json\/wp\/v2\/posts\/22830","targetHints":{"allow":["GET"]}}],"collection":[{"href":"https:\/\/www.pegasus-unterwegs.ch\/fr\/wp-json\/wp\/v2\/posts"}],"about":[{"href":"https:\/\/www.pegasus-unterwegs.ch\/fr\/wp-json\/wp\/v2\/types\/post"}],"author":[{"embeddable":true,"href":"https:\/\/www.pegasus-unterwegs.ch\/fr\/wp-json\/wp\/v2\/users\/4"}],"replies":[{"embeddable":true,"href":"https:\/\/www.pegasus-unterwegs.ch\/fr\/wp-json\/wp\/v2\/comments?post=22830"}],"version-history":[{"count":9,"href":"https:\/\/www.pegasus-unterwegs.ch\/fr\/wp-json\/wp\/v2\/posts\/22830\/revisions"}],"predecessor-version":[{"id":24104,"href":"https:\/\/www.pegasus-unterwegs.ch\/fr\/wp-json\/wp\/v2\/posts\/22830\/revisions\/24104"}],"wp:featuredmedia":[{"embeddable":true,"href":"https:\/\/www.pegasus-unterwegs.ch\/fr\/wp-json\/wp\/v2\/media\/22825"}],"wp:attachment":[{"href":"https:\/\/www.pegasus-unterwegs.ch\/fr\/wp-json\/wp\/v2\/media?parent=22830"}],"wp:term":[{"taxonomy":"category","embeddable":true,"href":"https:\/\/www.pegasus-unterwegs.ch\/fr\/wp-json\/wp\/v2\/categories?post=22830"},{"taxonomy":"post_tag","embeddable":true,"href":"https:\/\/www.pegasus-unterwegs.ch\/fr\/wp-json\/wp\/v2\/tags?post=22830"}],"curies":[{"name":"wp","href":"https:\/\/api.w.org\/{rel}","templated":true}]}}