{"id":25175,"date":"2021-10-21T16:45:04","date_gmt":"2021-10-21T14:45:04","guid":{"rendered":"https:\/\/www.pegasus-unterwegs.ch\/211021-die-schoensten-gipfel\/"},"modified":"2021-10-21T17:00:37","modified_gmt":"2021-10-21T15:00:37","slug":"211021-die-schoensten-gipfel","status":"publish","type":"post","link":"https:\/\/www.pegasus-unterwegs.ch\/fr\/211021-die-schoensten-gipfel\/","title":{"rendered":"Les plus beaux sommets"},"content":{"rendered":"<div class=\"fusion-fullwidth fullwidth-box fusion-builder-row-1 fusion-flex-container nonhundred-percent-fullwidth non-hundred-percent-height-scrolling\" style=\"--awb-border-radius-top-left:0px;--awb-border-radius-top-right:0px;--awb-border-radius-bottom-right:0px;--awb-border-radius-bottom-left:0px;--awb-flex-wrap:wrap;\" ><div class=\"fusion-builder-row fusion-row fusion-flex-align-items-flex-start fusion-flex-content-wrap\" style=\"max-width:1144px;margin-left: calc(-4% \/ 2 );margin-right: calc(-4% \/ 2 );\"><div class=\"fusion-layout-column fusion_builder_column fusion-builder-column-0 fusion_builder_column_1_1 1_1 fusion-flex-column\" style=\"--awb-bg-size:cover;--awb-width-large:100%;--awb-margin-top-large:0px;--awb-spacing-right-large:1.92%;--awb-margin-bottom-large:20px;--awb-spacing-left-large:1.92%;--awb-width-medium:100%;--awb-order-medium:0;--awb-spacing-right-medium:1.92%;--awb-spacing-left-medium:1.92%;--awb-width-small:100%;--awb-order-small:0;--awb-spacing-right-small:1.92%;--awb-spacing-left-small:1.92%;\"><div class=\"fusion-column-wrapper fusion-column-has-shadow fusion-flex-justify-content-flex-start fusion-content-layout-column\"><div class=\"fusion-text fusion-text-1\"><p>Les sommets du Pico de las Nieves, Roque Nublo et Altavista sont un must absolu pour la randonn\u00e9e \u00e0 Gran Canaria. Nous montrons ces trois sur cette vid\u00e9o. Les vues d&rsquo;en haut sont bien s\u00fbr \u00e9normes. La randonn\u00e9e \u00e0 La Goleta n&rsquo;est en fait pas une randonn\u00e9e au sommet, mais elle \u00e9tait \u00e9galement tr\u00e8s impressionnante en termes de vue.<\/p>\n<\/div><div class=\"fusion-video fusion-youtube\" style=\"--awb-max-width:1200px;--awb-max-height:675px;\"><div class=\"video-shortcode\"><div class=\"fluid-width-video-wrapper\" style=\"padding-top:56.25%;\" ><iframe title=\"YouTube video player 1\" src=\"https:\/\/www.youtube.com\/embed\/e7eEBmLkMNk?wmode=transparent&autoplay=0\" width=\"1200\" height=\"675\" allowfullscreen allow=\"autoplay; clipboard-write; encrypted-media; gyroscope; picture-in-picture;\"><\/iframe><\/div><\/div><\/div><\/div><\/div><\/div><\/div>\n","protected":false},"excerpt":{"rendered":"Les sommets du Pico de las Nieves, Roque Nublo et Altavista sont un must absolu pour la randonn\u00e9e \u00e0 Gran Canaria. Nous montrons ces trois sur cette vid\u00e9o. Les vues d'en haut sont bien s\u00fbr  [...]","protected":false},"author":4,"featured_media":25170,"comment_status":"open","ping_status":"closed","sticky":false,"template":"","format":"standard","meta":{"_jetpack_memberships_contains_paid_content":false,"footnotes":"","jetpack_publicize_message":"","jetpack_publicize_feature_enabled":true,"jetpack_social_post_already_shared":false,"jetpack_social_options":{"image_generator_settings":{"template":"highway","default_image_id":0,"font":"","enabled":false},"version":2}},"categories":[9,211,154],"tags":[425,1827,1340,1472,1728,1726,1837,1143,1481,693,428,1466,1475,740,1838,1460,1739,866,384,485,1839,1820,1334,1448,341,377,994,725,1349],"class_list":["post-25175","post","type-post","status-publish","format-standard","has-post-thumbnail","hentry","category-allgemein-fr","category-spanien-fr","category-video-fr","tag-6x6-fr","tag-altavista-fr","tag-aventure","tag-camper-fr","tag-espagne","tag-grancanaria-fr","tag-lagoleta-fr","tag-man-fr","tag-motorhome","tag-nature-fr","tag-off-road-fr","tag-offroad_motor_home","tag-offroad_vehicule","tag-overlander","tag-picodelasnieves-fr","tag-poidslourd_campingcar","tag-randonnee","tag-reisemobil-fr","tag-reportage-de-voyage","tag-retraite","tag-roquenublo-fr","tag-sommet","tag-tour-du-monde","tag-vanlife-fr","tag-vehicule-dexpedition","tag-vehicule-habitable","tag-video-fr","tag-voyage","tag-voyage-a-long-terme"],"jetpack_publicize_connections":[],"jetpack_featured_media_url":"https:\/\/www.pegasus-unterwegs.ch\/wp-content\/uploads\/2021\/10\/21.04-Video-3.gif","jetpack_sharing_enabled":true,"_links":{"self":[{"href":"https:\/\/www.pegasus-unterwegs.ch\/fr\/wp-json\/wp\/v2\/posts\/25175","targetHints":{"allow":["GET"]}}],"collection":[{"href":"https:\/\/www.pegasus-unterwegs.ch\/fr\/wp-json\/wp\/v2\/posts"}],"about":[{"href":"https:\/\/www.pegasus-unterwegs.ch\/fr\/wp-json\/wp\/v2\/types\/post"}],"author":[{"embeddable":true,"href":"https:\/\/www.pegasus-unterwegs.ch\/fr\/wp-json\/wp\/v2\/users\/4"}],"replies":[{"embeddable":true,"href":"https:\/\/www.pegasus-unterwegs.ch\/fr\/wp-json\/wp\/v2\/comments?post=25175"}],"version-history":[{"count":3,"href":"https:\/\/www.pegasus-unterwegs.ch\/fr\/wp-json\/wp\/v2\/posts\/25175\/revisions"}],"predecessor-version":[{"id":25182,"href":"https:\/\/www.pegasus-unterwegs.ch\/fr\/wp-json\/wp\/v2\/posts\/25175\/revisions\/25182"}],"wp:featuredmedia":[{"embeddable":true,"href":"https:\/\/www.pegasus-unterwegs.ch\/fr\/wp-json\/wp\/v2\/media\/25170"}],"wp:attachment":[{"href":"https:\/\/www.pegasus-unterwegs.ch\/fr\/wp-json\/wp\/v2\/media?parent=25175"}],"wp:term":[{"taxonomy":"category","embeddable":true,"href":"https:\/\/www.pegasus-unterwegs.ch\/fr\/wp-json\/wp\/v2\/categories?post=25175"},{"taxonomy":"post_tag","embeddable":true,"href":"https:\/\/www.pegasus-unterwegs.ch\/fr\/wp-json\/wp\/v2\/tags?post=25175"}],"curies":[{"name":"wp","href":"https:\/\/api.w.org\/{rel}","templated":true}]}}