{"id":25226,"date":"2021-11-13T16:21:25","date_gmt":"2021-11-13T14:21:25","guid":{"rendered":"https:\/\/www.pegasus-unterwegs.ch\/211113-abschied-von-gran-canaria\/"},"modified":"2021-11-13T16:27:42","modified_gmt":"2021-11-13T14:27:42","slug":"211113-abschied-von-gran-canaria","status":"publish","type":"post","link":"https:\/\/www.pegasus-unterwegs.ch\/fr\/211113-abschied-von-gran-canaria\/","title":{"rendered":"Adieu \u00e0 Gran Canaria"},"content":{"rendered":"<div class=\"fusion-fullwidth fullwidth-box fusion-builder-row-1 fusion-flex-container nonhundred-percent-fullwidth non-hundred-percent-height-scrolling\" style=\"--awb-border-radius-top-left:0px;--awb-border-radius-top-right:0px;--awb-border-radius-bottom-right:0px;--awb-border-radius-bottom-left:0px;--awb-flex-wrap:wrap;\" ><div class=\"fusion-builder-row fusion-row fusion-flex-align-items-flex-start fusion-flex-content-wrap\" style=\"max-width:1144px;margin-left: calc(-4% \/ 2 );margin-right: calc(-4% \/ 2 );\"><div class=\"fusion-layout-column fusion_builder_column fusion-builder-column-0 fusion_builder_column_1_1 1_1 fusion-flex-column\" style=\"--awb-bg-size:cover;--awb-width-large:100%;--awb-margin-top-large:0px;--awb-spacing-right-large:1.92%;--awb-margin-bottom-large:20px;--awb-spacing-left-large:1.92%;--awb-width-medium:100%;--awb-order-medium:0;--awb-spacing-right-medium:1.92%;--awb-spacing-left-medium:1.92%;--awb-width-small:100%;--awb-order-small:0;--awb-spacing-right-small:1.92%;--awb-spacing-left-small:1.92%;\"><div class=\"fusion-column-wrapper fusion-column-has-shadow fusion-flex-justify-content-flex-start fusion-content-layout-column\"><div class=\"fusion-text fusion-text-1\" style=\"--awb-text-transform:none;\"><p>La route de La Aldea \u00e0 Artenara est sur plus de 30 km l&rsquo;une des routes les plus pittoresques de l&rsquo;\u00eele. Les petits v\u00e9hicules sont un avantage ici. Terror est un petit village avec de nombreux beaux balcons, probablement compl\u00e8tement surpeupl\u00e9 pendant la saison touristique, mais agr\u00e9ablement calme pendant Corona. La randonn\u00e9e vers la Cruz de la Huesita, San Bartolom\u00e9 et La Fortaleza sont nos randonn\u00e9es d&rsquo;adieu au d\u00e9part de l&rsquo;\u00eele, qui nous ont vraiment inspir\u00e9 pendant la p\u00e9riode de calme touristique. Notre conseil : quittez les plages et profitez de la beaut\u00e9 de l&rsquo;\u00eele \u00e0 la montagne.<\/p>\n<\/div><div class=\"fusion-video fusion-youtube\" style=\"--awb-max-width:1200px;--awb-max-height:675px;\"><div class=\"video-shortcode\"><div class=\"fluid-width-video-wrapper\" style=\"padding-top:56.25%;\" ><iframe title=\"YouTube video player 1\" src=\"https:\/\/www.youtube.com\/embed\/QIguT9Jfgzo?wmode=transparent&autoplay=0\" width=\"1200\" height=\"675\" allowfullscreen allow=\"autoplay; clipboard-write; encrypted-media; gyroscope; picture-in-picture;\"><\/iframe><\/div><\/div><\/div><\/div><\/div><\/div><\/div>\n","protected":false},"excerpt":{"rendered":"La route de La Aldea \u00e0 Artenara est sur plus de 30 km l'une des routes les plus pittoresques de l'\u00eele. Les petits v\u00e9hicules sont un avantage ici. Terror est un petit village avec de  [...]","protected":false},"author":4,"featured_media":25223,"comment_status":"closed","ping_status":"closed","sticky":false,"template":"","format":"standard","meta":{"_jetpack_memberships_contains_paid_content":false,"footnotes":"","jetpack_publicize_message":"","jetpack_publicize_feature_enabled":true,"jetpack_social_post_already_shared":false,"jetpack_social_options":{"image_generator_settings":{"template":"highway","default_image_id":0,"font":"","enabled":false},"version":2}},"categories":[9,211,154],"tags":[425,1340,1472,1842,1728,1853,1848,1143,1481,693,428,1466,1475,740,1460,866,384,485,1845,1334,1448,341,377,994,725,1349,1854],"class_list":["post-25226","post","type-post","status-publish","format-standard","has-post-thumbnail","hentry","category-allgemein-fr","category-spanien-fr","category-video-fr","tag-6x6-fr","tag-aventure","tag-camper-fr","tag-cruz-de-la-huesita-fr","tag-espagne","tag-gracanaria-fr","tag-la-fortaleza-fr","tag-man-fr","tag-motorhome","tag-nature-fr","tag-off-road-fr","tag-offroad_motor_home","tag-offroad_vehicule","tag-overlander","tag-poidslourd_campingcar","tag-reisemobil-fr","tag-reportage-de-voyage","tag-retraite","tag-san-bartolome-fr","tag-tour-du-monde","tag-vanlife-fr","tag-vehicule-dexpedition","tag-vehicule-habitable","tag-video-fr","tag-voyage","tag-voyage-a-long-terme","tag-wanderung-fr"],"jetpack_publicize_connections":[],"jetpack_featured_media_url":"https:\/\/www.pegasus-unterwegs.ch\/wp-content\/uploads\/2021\/11\/21.04-Video-4.gif","jetpack_sharing_enabled":true,"_links":{"self":[{"href":"https:\/\/www.pegasus-unterwegs.ch\/fr\/wp-json\/wp\/v2\/posts\/25226","targetHints":{"allow":["GET"]}}],"collection":[{"href":"https:\/\/www.pegasus-unterwegs.ch\/fr\/wp-json\/wp\/v2\/posts"}],"about":[{"href":"https:\/\/www.pegasus-unterwegs.ch\/fr\/wp-json\/wp\/v2\/types\/post"}],"author":[{"embeddable":true,"href":"https:\/\/www.pegasus-unterwegs.ch\/fr\/wp-json\/wp\/v2\/users\/4"}],"replies":[{"embeddable":true,"href":"https:\/\/www.pegasus-unterwegs.ch\/fr\/wp-json\/wp\/v2\/comments?post=25226"}],"version-history":[{"count":4,"href":"https:\/\/www.pegasus-unterwegs.ch\/fr\/wp-json\/wp\/v2\/posts\/25226\/revisions"}],"predecessor-version":[{"id":25235,"href":"https:\/\/www.pegasus-unterwegs.ch\/fr\/wp-json\/wp\/v2\/posts\/25226\/revisions\/25235"}],"wp:featuredmedia":[{"embeddable":true,"href":"https:\/\/www.pegasus-unterwegs.ch\/fr\/wp-json\/wp\/v2\/media\/25223"}],"wp:attachment":[{"href":"https:\/\/www.pegasus-unterwegs.ch\/fr\/wp-json\/wp\/v2\/media?parent=25226"}],"wp:term":[{"taxonomy":"category","embeddable":true,"href":"https:\/\/www.pegasus-unterwegs.ch\/fr\/wp-json\/wp\/v2\/categories?post=25226"},{"taxonomy":"post_tag","embeddable":true,"href":"https:\/\/www.pegasus-unterwegs.ch\/fr\/wp-json\/wp\/v2\/tags?post=25226"}],"curies":[{"name":"wp","href":"https:\/\/api.w.org\/{rel}","templated":true}]}}