{"id":28464,"date":"2023-01-11T17:05:20","date_gmt":"2023-01-11T15:05:20","guid":{"rendered":"https:\/\/www.pegasus-unterwegs.ch\/230111-patricia-und-sidnei-von-brasilien\/"},"modified":"2023-01-11T17:31:46","modified_gmt":"2023-01-11T15:31:46","slug":"230111-patricia-und-sidnei-von-brasilien","status":"publish","type":"post","link":"https:\/\/www.pegasus-unterwegs.ch\/fr\/230111-patricia-und-sidnei-von-brasilien\/","title":{"rendered":"Patricia et Sidnei du Br\u00e9sil"},"content":{"rendered":"<div class=\"fusion-fullwidth fullwidth-box fusion-builder-row-1 fusion-flex-container has-pattern-background has-mask-background hundred-percent-fullwidth non-hundred-percent-height-scrolling\" style=\"--awb-border-radius-top-left:0px;--awb-border-radius-top-right:0px;--awb-border-radius-bottom-right:0px;--awb-border-radius-bottom-left:0px;--awb-flex-wrap:wrap;\" ><div class=\"fusion-builder-row fusion-row fusion-flex-align-items-flex-start fusion-flex-content-wrap\" style=\"width:104% !important;max-width:104% !important;margin-left: calc(-4% \/ 2 );margin-right: calc(-4% \/ 2 );\"><div class=\"fusion-layout-column fusion_builder_column fusion-builder-column-0 fusion_builder_column_1_1 1_1 fusion-flex-column\" style=\"--awb-bg-size:cover;--awb-width-large:100%;--awb-margin-top-large:0px;--awb-spacing-right-large:1.92%;--awb-margin-bottom-large:20px;--awb-spacing-left-large:1.92%;--awb-width-medium:100%;--awb-order-medium:0;--awb-spacing-right-medium:1.92%;--awb-spacing-left-medium:1.92%;--awb-width-small:100%;--awb-order-small:0;--awb-spacing-right-small:1.92%;--awb-spacing-left-small:1.92%;\"><div class=\"fusion-column-wrapper fusion-column-has-shadow fusion-flex-justify-content-flex-start fusion-content-layout-column\"><div class=\"fusion-text fusion-text-1\"><p>13\/12\/22, Bonito, Br\u00e9sil<\/p>\n<p>Sur la route avec un bus VW mod\u00e8le 1980<\/p>\n<\/div><div class=\"fusion-image-element \" style=\"--awb-caption-title-font-family:var(--h2_typography-font-family);--awb-caption-title-font-weight:var(--h2_typography-font-weight);--awb-caption-title-font-style:var(--h2_typography-font-style);--awb-caption-title-size:var(--h2_typography-font-size);--awb-caption-title-transform:var(--h2_typography-text-transform);--awb-caption-title-line-height:var(--h2_typography-line-height);--awb-caption-title-letter-spacing:var(--h2_typography-letter-spacing);\"><span class=\" fusion-imageframe imageframe-none imageframe-1 hover-type-none\"><img decoding=\"async\" width=\"1920\" height=\"1080\" title=\"23.2-20221214-0900-Freunde-Sidnei-&#038;-Patricia-DSC05651_\" src=\"https:\/\/www.pegasus-unterwegs.ch\/wp-content\/uploads\/2023\/01\/23.2-20221214-0900-Freunde-Sidnei-Patricia-DSC05651_.gif\" alt class=\"img-responsive wp-image-28458\"\/><\/span><\/div><div class=\"fusion-text fusion-text-2\"><p>Sidnei a achet\u00e9 le vieux bus VW avec trois coll\u00e8gues. Cependant, il est maintenant le seul \u00e0 l&rsquo;utiliser avec sa copine. Le v\u00e9hicule est \u00e9videmment cher, car sur le chemin, ils ont d\u00fb le faire r\u00e9parer une fois pour 1 000 BRL. Au camping, alors qu&rsquo;ils \u00e9taient en excursion, ils ont fait d\u00e9monter et reboucher le moteur car il avait perdu beaucoup d&rsquo;huile. Ils sont en vacances de No\u00ebl et penser \u00e0 acheter un v\u00e9hicule plus familial.<\/p>\n<p><a href=\"https:\/\/www.instagram.com\/injuriada\">https:\/\/www.instagram.com\/injuriada<\/a><\/p>\n<\/div><\/div><\/div><\/div><\/div>\n","protected":false},"excerpt":{"rendered":"13\/12\/22, Bonito, Br\u00e9sil Sur la route avec un bus VW mod\u00e8le 1980 Sidnei a achet\u00e9 le vieux bus VW avec trois coll\u00e8gues. Cependant, il est maintenant le seul \u00e0 l'utiliser avec sa copine. Le v\u00e9hicule  [...]","protected":false},"author":4,"featured_media":28461,"comment_status":"open","ping_status":"open","sticky":false,"template":"","format":"standard","meta":{"_jetpack_memberships_contains_paid_content":false,"footnotes":"","jetpack_publicize_message":"","jetpack_publicize_feature_enabled":true,"jetpack_social_post_already_shared":false,"jetpack_social_options":{"image_generator_settings":{"template":"highway","default_image_id":0,"font":"","enabled":false},"version":2}},"categories":[1084,9,218,270],"tags":[1900,2063,740],"class_list":["post-28464","post","type-post","status-publish","format-standard","has-post-thumbnail","hentry","category-amerique-du-sud","category-allgemein-fr","category-brasilien-fr","category-overlander-fr","tag-bresil","tag-bus-vw","tag-overlander"],"jetpack_publicize_connections":[],"jetpack_featured_media_url":"https:\/\/www.pegasus-unterwegs.ch\/wp-content\/uploads\/2023\/01\/23.2-Freunde-20221214-0900-Freunde-DSC05652_-scaled.gif","jetpack_sharing_enabled":true,"_links":{"self":[{"href":"https:\/\/www.pegasus-unterwegs.ch\/fr\/wp-json\/wp\/v2\/posts\/28464","targetHints":{"allow":["GET"]}}],"collection":[{"href":"https:\/\/www.pegasus-unterwegs.ch\/fr\/wp-json\/wp\/v2\/posts"}],"about":[{"href":"https:\/\/www.pegasus-unterwegs.ch\/fr\/wp-json\/wp\/v2\/types\/post"}],"author":[{"embeddable":true,"href":"https:\/\/www.pegasus-unterwegs.ch\/fr\/wp-json\/wp\/v2\/users\/4"}],"replies":[{"embeddable":true,"href":"https:\/\/www.pegasus-unterwegs.ch\/fr\/wp-json\/wp\/v2\/comments?post=28464"}],"version-history":[{"count":5,"href":"https:\/\/www.pegasus-unterwegs.ch\/fr\/wp-json\/wp\/v2\/posts\/28464\/revisions"}],"predecessor-version":[{"id":28479,"href":"https:\/\/www.pegasus-unterwegs.ch\/fr\/wp-json\/wp\/v2\/posts\/28464\/revisions\/28479"}],"wp:featuredmedia":[{"embeddable":true,"href":"https:\/\/www.pegasus-unterwegs.ch\/fr\/wp-json\/wp\/v2\/media\/28461"}],"wp:attachment":[{"href":"https:\/\/www.pegasus-unterwegs.ch\/fr\/wp-json\/wp\/v2\/media?parent=28464"}],"wp:term":[{"taxonomy":"category","embeddable":true,"href":"https:\/\/www.pegasus-unterwegs.ch\/fr\/wp-json\/wp\/v2\/categories?post=28464"},{"taxonomy":"post_tag","embeddable":true,"href":"https:\/\/www.pegasus-unterwegs.ch\/fr\/wp-json\/wp\/v2\/tags?post=28464"}],"curies":[{"name":"wp","href":"https:\/\/api.w.org\/{rel}","templated":true}]}}