{"id":29294,"date":"2023-03-16T15:56:32","date_gmt":"2023-03-16T13:56:32","guid":{"rendered":"https:\/\/www.pegasus-unterwegs.ch\/230316-nadja-franz-und-karl-von-muenchen\/"},"modified":"2023-03-16T16:01:58","modified_gmt":"2023-03-16T14:01:58","slug":"230316-nadja-franz-und-karl-von-muenchen","status":"publish","type":"post","link":"https:\/\/www.pegasus-unterwegs.ch\/fr\/230316-nadja-franz-und-karl-von-muenchen\/","title":{"rendered":"Nadja, Franz et Karl de Munich"},"content":{"rendered":"<div class=\"fusion-fullwidth fullwidth-box fusion-builder-row-1 fusion-flex-container has-pattern-background has-mask-background hundred-percent-fullwidth non-hundred-percent-height-scrolling\" style=\"--awb-border-radius-top-left:0px;--awb-border-radius-top-right:0px;--awb-border-radius-bottom-right:0px;--awb-border-radius-bottom-left:0px;--awb-flex-wrap:wrap;\" ><div class=\"fusion-builder-row fusion-row fusion-flex-align-items-flex-start fusion-flex-content-wrap\" style=\"width:104% !important;max-width:104% !important;margin-left: calc(-4% \/ 2 );margin-right: calc(-4% \/ 2 );\"><div class=\"fusion-layout-column fusion_builder_column fusion-builder-column-0 fusion_builder_column_1_1 1_1 fusion-flex-column\" style=\"--awb-bg-size:cover;--awb-width-large:100%;--awb-margin-top-large:0px;--awb-spacing-right-large:1.92%;--awb-margin-bottom-large:20px;--awb-spacing-left-large:1.92%;--awb-width-medium:100%;--awb-order-medium:0;--awb-spacing-right-medium:1.92%;--awb-spacing-left-medium:1.92%;--awb-width-small:100%;--awb-order-small:0;--awb-spacing-right-small:1.92%;--awb-spacing-left-small:1.92%;\"><div class=\"fusion-column-wrapper fusion-column-has-shadow fusion-flex-justify-content-flex-start fusion-content-layout-column\"><div class=\"fusion-text fusion-text-1\"><h4>2\/6\/23, Tupiza, Bolivie<\/h4>\n<p>En route avec un ancien pompier Mercedes<\/p>\n<\/div><div class=\"fusion-image-element \" style=\"--awb-caption-title-font-family:var(--h2_typography-font-family);--awb-caption-title-font-weight:var(--h2_typography-font-weight);--awb-caption-title-font-style:var(--h2_typography-font-style);--awb-caption-title-size:var(--h2_typography-font-size);--awb-caption-title-transform:var(--h2_typography-text-transform);--awb-caption-title-line-height:var(--h2_typography-line-height);--awb-caption-title-letter-spacing:var(--h2_typography-letter-spacing);\"><span class=\" fusion-imageframe imageframe-none imageframe-1 hover-type-none\"><img decoding=\"async\" width=\"2560\" height=\"1441\" title=\"Nadja, Franz und Karl\" src=\"https:\/\/www.pegasus-unterwegs.ch\/wp-content\/uploads\/2023\/03\/20230207-1231-Freunde-Nadja-Franz-und-Karl-DSC05885_-scaled.jpg\" alt class=\"img-responsive wp-image-29266\" srcset=\"https:\/\/www.pegasus-unterwegs.ch\/wp-content\/uploads\/2023\/03\/20230207-1231-Freunde-Nadja-Franz-und-Karl-DSC05885_-200x113.jpg 200w, https:\/\/www.pegasus-unterwegs.ch\/wp-content\/uploads\/2023\/03\/20230207-1231-Freunde-Nadja-Franz-und-Karl-DSC05885_-400x225.jpg 400w, https:\/\/www.pegasus-unterwegs.ch\/wp-content\/uploads\/2023\/03\/20230207-1231-Freunde-Nadja-Franz-und-Karl-DSC05885_-600x338.jpg 600w, https:\/\/www.pegasus-unterwegs.ch\/wp-content\/uploads\/2023\/03\/20230207-1231-Freunde-Nadja-Franz-und-Karl-DSC05885_-800x450.jpg 800w, https:\/\/www.pegasus-unterwegs.ch\/wp-content\/uploads\/2023\/03\/20230207-1231-Freunde-Nadja-Franz-und-Karl-DSC05885_-1200x675.jpg 1200w, https:\/\/www.pegasus-unterwegs.ch\/wp-content\/uploads\/2023\/03\/20230207-1231-Freunde-Nadja-Franz-und-Karl-DSC05885_-scaled.jpg 2560w\" sizes=\"(max-width: 1024px) 100vw, (max-width: 640px) 100vw, 1200px\" \/><\/span><\/div><div class=\"fusion-separator fusion-full-width-sep\" style=\"align-self: center;margin-left: auto;margin-right: auto;margin-top:30px;width:100%;\"><\/div><div class=\"fusion-text fusion-text-2\"><p>Nadja voyage \u00e0 travers l&rsquo;Am\u00e9rique du Sud avec ses deux gar\u00e7ons Franz et Karl (16 mois). Elle a un an de cong\u00e9 parental et en profite pour parcourir le monde avec ses enfants. Son mari vient lui rendre visite d\u00e8s que possible. Nous pensons que voyager comme nous le faisons n&rsquo;est pas des vacances car il y a toujours quelque chose \u00e0 faire. Mais Nadja le fait toute seule et avec deux jeunes enfants. Nous sommes extr\u00eamement impressionn\u00e9s. Nous passons une soir\u00e9e amusante avec les trois et constatons que Franz est extr\u00eamement ind\u00e9pendant pour son \u00e2ge et aide sa m\u00e8re. Ce voyage est certainement intense pour les trois et nous esp\u00e9rons qu&rsquo;au moins Franz pourra encore s&rsquo;en souvenir dans sa vieillesse. Tous deux emporteront certainement avec eux une ouverture sur le monde qu&rsquo;ils n&rsquo;auraient pas d\u00e9velopp\u00e9e si facilement \u00e0 Munich.<\/p>\n<p><a href=\"http:\/\/www.instagram.com\/ruffnadja\/\">www.instagram.com\/ruffnadja\/<\/a><\/p>\n<\/div><\/div><\/div><\/div><\/div>\n","protected":false},"excerpt":{"rendered":"2\/6\/23, Tupiza, Bolivie En route avec un ancien pompier Mercedes Nadja voyage \u00e0 travers l'Am\u00e9rique du Sud avec ses deux gar\u00e7ons Franz et Karl (16 mois). Elle a un an de cong\u00e9 parental et en  [...]","protected":false},"author":4,"featured_media":29291,"comment_status":"open","ping_status":"open","sticky":false,"template":"","format":"standard","meta":{"_jetpack_memberships_contains_paid_content":false,"footnotes":"","jetpack_publicize_message":"","jetpack_publicize_feature_enabled":true,"jetpack_social_post_already_shared":false,"jetpack_social_options":{"image_generator_settings":{"template":"highway","default_image_id":0,"font":"","enabled":false},"version":2}},"categories":[1084,9,2079,270],"tags":[2073,740,2097],"class_list":["post-29294","post","type-post","status-publish","format-standard","has-post-thumbnail","hentry","category-amerique-du-sud","category-allgemein-fr","category-bolivie","category-overlander-fr","tag-bolivie","tag-overlander","tag-voyager-avec-des-enfants"],"jetpack_publicize_connections":[],"jetpack_featured_media_url":"https:\/\/www.pegasus-unterwegs.ch\/wp-content\/uploads\/2023\/03\/23.5-Nadja-scaled.gif","jetpack_sharing_enabled":true,"_links":{"self":[{"href":"https:\/\/www.pegasus-unterwegs.ch\/fr\/wp-json\/wp\/v2\/posts\/29294","targetHints":{"allow":["GET"]}}],"collection":[{"href":"https:\/\/www.pegasus-unterwegs.ch\/fr\/wp-json\/wp\/v2\/posts"}],"about":[{"href":"https:\/\/www.pegasus-unterwegs.ch\/fr\/wp-json\/wp\/v2\/types\/post"}],"author":[{"embeddable":true,"href":"https:\/\/www.pegasus-unterwegs.ch\/fr\/wp-json\/wp\/v2\/users\/4"}],"replies":[{"embeddable":true,"href":"https:\/\/www.pegasus-unterwegs.ch\/fr\/wp-json\/wp\/v2\/comments?post=29294"}],"version-history":[{"count":5,"href":"https:\/\/www.pegasus-unterwegs.ch\/fr\/wp-json\/wp\/v2\/posts\/29294\/revisions"}],"predecessor-version":[{"id":29305,"href":"https:\/\/www.pegasus-unterwegs.ch\/fr\/wp-json\/wp\/v2\/posts\/29294\/revisions\/29305"}],"wp:featuredmedia":[{"embeddable":true,"href":"https:\/\/www.pegasus-unterwegs.ch\/fr\/wp-json\/wp\/v2\/media\/29291"}],"wp:attachment":[{"href":"https:\/\/www.pegasus-unterwegs.ch\/fr\/wp-json\/wp\/v2\/media?parent=29294"}],"wp:term":[{"taxonomy":"category","embeddable":true,"href":"https:\/\/www.pegasus-unterwegs.ch\/fr\/wp-json\/wp\/v2\/categories?post=29294"},{"taxonomy":"post_tag","embeddable":true,"href":"https:\/\/www.pegasus-unterwegs.ch\/fr\/wp-json\/wp\/v2\/tags?post=29294"}],"curies":[{"name":"wp","href":"https:\/\/api.w.org\/{rel}","templated":true}]}}