{"id":29710,"date":"2023-05-21T10:07:02","date_gmt":"2023-05-21T08:07:02","guid":{"rendered":"https:\/\/www.pegasus-unterwegs.ch\/230521-roro-von-montevideo-nach-antwerpen\/"},"modified":"2023-05-21T10:18:54","modified_gmt":"2023-05-21T08:18:54","slug":"230521-roro-von-montevideo-nach-antwerpen","status":"publish","type":"post","link":"https:\/\/www.pegasus-unterwegs.ch\/fr\/230521-roro-von-montevideo-nach-antwerpen\/","title":{"rendered":"RoRo de Montevideo \u00e0 Anvers"},"content":{"rendered":"<div class=\"fusion-fullwidth fullwidth-box fusion-builder-row-1 fusion-flex-container has-pattern-background has-mask-background hundred-percent-fullwidth non-hundred-percent-height-scrolling\" style=\"--awb-border-radius-top-left:0px;--awb-border-radius-top-right:0px;--awb-border-radius-bottom-right:0px;--awb-border-radius-bottom-left:0px;--awb-flex-wrap:wrap;\" ><div class=\"fusion-builder-row fusion-row fusion-flex-align-items-flex-start fusion-flex-content-wrap\" style=\"width:104% !important;max-width:104% !important;margin-left: calc(-4% \/ 2 );margin-right: calc(-4% \/ 2 );\"><div class=\"fusion-layout-column fusion_builder_column fusion-builder-column-0 fusion_builder_column_1_1 1_1 fusion-flex-column\" style=\"--awb-bg-size:cover;--awb-width-large:100%;--awb-margin-top-large:0px;--awb-spacing-right-large:1.92%;--awb-margin-bottom-large:20px;--awb-spacing-left-large:1.92%;--awb-width-medium:100%;--awb-order-medium:0;--awb-spacing-right-medium:1.92%;--awb-spacing-left-medium:1.92%;--awb-width-small:100%;--awb-order-small:0;--awb-spacing-right-small:1.92%;--awb-spacing-left-small:1.92%;\"><div class=\"fusion-column-wrapper fusion-column-has-shadow fusion-flex-justify-content-flex-start fusion-content-layout-column\"><div class=\"fusion-text fusion-text-1\"><p>Printemps 2023<\/p>\n<p>Le transport de l&rsquo;Am\u00e9rique du Sud vers l&rsquo;Europe \u00e9tait tout sauf sans stress ! Les compagnies maritimes ont augment\u00e9 leurs prix non seulement pour RoRo, mais en g\u00e9n\u00e9ral et nous font comprendre tr\u00e8s clairement \u00e0 nous, overlander, qu&rsquo;elles ne nous ont pas attendus et qu&rsquo;elles n&rsquo;ont pas vraiment envie de transporter nos v\u00e9hicules. Nous avons pratiquement d\u00fb les supplier pour qu&rsquo;ils emm\u00e8nent m\u00eame notre Globi avec pour beaucoup d&rsquo;argent.<\/p>\n<p>Ce n&rsquo;est que gr\u00e2ce au grand soutien de notre agent, ITS, et de la personne responsable, Norma, que nous avons finalement pu surmonter avec succ\u00e8s les nombreux probl\u00e8mes qui continuaient \u00e0 nous g\u00eaner. Les informations de Grimaldi \u00e9taient diff\u00e9rentes chaque jour et assez d\u00e9routantes, voir <a href=\"https:\/\/www.pegasus-unterwegs.ch\/fr\/230419-bye-bye-suedamerika\/\">notre note jdb<\/a>. Jusqu&rsquo;\u00e0 ce que Globi soit charg\u00e9, nous ne savions jamais si le v\u00e9hicule serait transport\u00e9 ou simplement laiss\u00e9 au port. L&rsquo;agence locale de Montevideo, respectivement la personne responsable de notre transport, n&rsquo;a pas fait une impression professionnelle et nous a plus d\u00e9rout\u00e9s qu&rsquo;ils ne nous ont aid\u00e9s. En fin de compte, Timo de UY-Storage a \u00e9t\u00e9 la plus grande aide sur place \u00e0 Montevideo. Toutes les informations d\u00e9routantes ont \u00e9t\u00e9 r\u00e9solues par Norma de Suisse et nous ont \u00e9t\u00e9 communiqu\u00e9es clairement.<\/p>\n<p>Au final, l&rsquo;exp\u00e9dition s&rsquo;est bien d\u00e9roul\u00e9e et dans les d\u00e9lais. Notre Globi n&rsquo;a pas \u00e9t\u00e9 vol\u00e9 ou d\u00e9truit en cours de route, comme c&rsquo;est l&rsquo;habitude chez Grimaldi de nos jours. Les deux coll\u00e8gues qui nous ont embarqu\u00e9s ont eu moins de chance \u00e0 cet \u00e9gard. D&rsquo;apr\u00e8s les traces, seule la cabine chauffeur a servi \u00e0 toutes sortes de choses sur la travers\u00e9e, mais rien n&rsquo;a \u00e9t\u00e9 d\u00e9truit.<\/p>\n<p>\u00c0 Anvers, j&rsquo;ai d\u00fb attendre deux jours apr\u00e8s l&rsquo;arriv\u00e9e du navire. Apparemment, le Grande Nigeria s&rsquo;est d&rsquo;abord rendu au quai de r\u00e9paration parce que quelque chose ne fonctionnait plus. Cela existe et c&rsquo;est normal dans cette industrie, mais c&rsquo;\u00e9tait tr\u00e8s stressant pour moi car j&rsquo;aurais aim\u00e9 savoir comment allait Globi. Cependant, Norma a tout mis en \u0153uvre depuis la Suisse pour que je puisse recevoir Globi quelques heures seulement apr\u00e8s le d\u00e9gagement du pont principal et tout a \u00e9t\u00e9 extr\u00eamement facile. Un grand compliment \u00e0 ITS et surtout \u00e0 Norma.<\/p>\n<table width=\"511\">\n<tbody>\n<tr>\n<td width=\"334\">\n<h4 class=\"fusion-responsive-typography-calculated\" data-fontsize=\"24\" data-lineheight=\"24px\">Frais<\/h4>\n<\/td>\n<td width=\"177\"><\/td>\n<\/tr>\n<tr>\n<td>Frais d\u2019embarquement Globi et Ernstli<\/td>\n<td>CHF 16 790.00<\/td>\n<\/tr>\n<tr>\n<td>Suppl\u00e9ment de prix depuis 2018<\/td>\n<td>156%<\/td>\n<\/tr>\n<tr>\n<td><\/td>\n<td><\/td>\n<\/tr>\n<tr>\n<td><\/td>\n<td><\/td>\n<\/tr>\n<tr>\n<td>\n<h4 class=\"fusion-responsive-typography-calculated\" data-fontsize=\"24\" data-lineheight=\"24px\">Agent d\u2019embarquement<\/h4>\n<\/td>\n<td><\/td>\n<\/tr>\n<tr>\n<td>ITS<\/td>\n<td><\/td>\n<\/tr>\n<tr>\n<td>International Transport &amp; Shipping Ltd.<\/td>\n<td><\/td>\n<\/tr>\n<tr>\n<td>Christoph Merian-Ring 29<\/td>\n<td><\/td>\n<\/tr>\n<tr>\n<td>CH-4153 Reinach<\/td>\n<td><\/td>\n<\/tr>\n<tr>\n<td>Tel.: +41 61 577 27 44<\/td>\n<td><\/td>\n<\/tr>\n<tr>\n<td><a href=\"mailto:ntraechslin@its-transport.ch\">ntraechslin@its-transport.ch\u00a0<\/a><\/td>\n<td><\/td>\n<\/tr>\n<tr>\n<td><a href=\"http:\/\/www.its-transport.ch\/\">www.its-transport.ch\u00a0<\/a><\/td>\n<td><\/td>\n<\/tr>\n<tr>\n<td>Norma Tr\u00e4chslin<\/td>\n<td><\/td>\n<\/tr>\n<tr>\n<td><\/td>\n<td><\/td>\n<\/tr>\n<tr>\n<td>\n<h4 class=\"fusion-responsive-typography-calculated\" data-fontsize=\"24\" data-lineheight=\"24px\">Agent \u00e0 Anvers<\/h4>\n<\/td>\n<td><\/td>\n<\/tr>\n<tr>\n<td>ITS<\/td>\n<td><\/td>\n<\/tr>\n<tr>\n<td>International Transport &amp; Shipping Ltd.<\/td>\n<td><\/td>\n<\/tr>\n<tr>\n<td>Christoph Merian-Ring 29<\/td>\n<td><\/td>\n<\/tr>\n<tr>\n<td>CH-4153 Reinach<\/td>\n<td><\/td>\n<\/tr>\n<tr>\n<td>Tel.: +41 61 577 27 44<\/td>\n<td><\/td>\n<\/tr>\n<tr>\n<td><a href=\"mailto:ntraechslin@its-transport.ch\">ntraechslin@its-transport.ch\u00a0<\/a><\/td>\n<td><\/td>\n<\/tr>\n<tr>\n<td><a href=\"http:\/\/www.its-transport.ch\/\">www.its-transport.ch\u00a0<\/a><\/td>\n<td><\/td>\n<\/tr>\n<tr>\n<td>Norma Tr\u00e4chslin<\/td>\n<td><\/td>\n<\/tr>\n<tr>\n<td><\/td>\n<td><\/td>\n<\/tr>\n<tr>\n<td>\n<h4 class=\"fusion-responsive-typography-calculated\" data-fontsize=\"24\" data-lineheight=\"24px\">Agent \u00e0 Montevideo<\/h4>\n<\/td>\n<td><\/td>\n<\/tr>\n<tr>\n<td>KMA Uruguay<\/td>\n<td><\/td>\n<\/tr>\n<tr>\n<td>25 de Mayo 713<\/td>\n<td><\/td>\n<\/tr>\n<tr>\n<td>901 Montevideo<\/td>\n<td><\/td>\n<\/tr>\n<tr>\n<td>CP 11000<\/td>\n<td><\/td>\n<\/tr>\n<tr>\n<td>Tel: +598 2 909 1412<\/td>\n<td><\/td>\n<\/tr>\n<tr>\n<td><a href=\"http:\/\/www.kma.com.uy\/\">www.kma.com.uy<\/a><\/td>\n<td><\/td>\n<\/tr>\n<tr>\n<td>Fiorella Servetti und Lucia del Rey<\/td>\n<td><\/td>\n<\/tr>\n<tr>\n<td><\/td>\n<td><\/td>\n<\/tr>\n<tr>\n<td colspan=\"2\">\n<h4 class=\"fusion-responsive-typography-calculated\" data-fontsize=\"24\" data-lineheight=\"24px\">Lieux pour pr\u00e9parer pour l\u2019embarquement<\/h4>\n<\/td>\n<\/tr>\n<tr>\n<td>Campsite<\/td>\n<td><\/td>\n<\/tr>\n<tr>\n<td>UY-Storage<\/td>\n<td><\/td>\n<\/tr>\n<tr>\n<td>Ruta 8<\/td>\n<td><\/td>\n<\/tr>\n<tr>\n<td>Soca\u00a0&#8211; Uruguay<\/td>\n<td><\/td>\n<\/tr>\n<tr>\n<td><a href=\"mailto:info@uy-storage.com\">info@uy-storage.com\u00a0<\/a><\/td>\n<td><\/td>\n<\/tr>\n<tr>\n<td>Tel.\/Whatsapp: +598 94 824 300<\/td>\n<td><\/td>\n<\/tr>\n<tr>\n<td><a href=\"https:\/\/www.uy-storage.com\/\">https:\/\/www.uy-storage.com<\/a><\/td>\n<td><\/td>\n<\/tr>\n<tr>\n<td>S34 38.517 W55 33.978<\/td>\n<td><\/td>\n<\/tr>\n<tr>\n<td><\/td>\n<td><\/td>\n<\/tr>\n<tr>\n<td>Paraiso Suizo<\/td>\n<td><\/td>\n<\/tr>\n<tr>\n<td>Ruta-1 (Interbalnearia)<\/td>\n<td><\/td>\n<\/tr>\n<tr>\n<td>Jaureguiberry<\/td>\n<td><\/td>\n<\/tr>\n<tr>\n<td>34.77981S, 55.430238W<\/td>\n<td><\/td>\n<\/tr>\n<tr>\n<td>Kontakt: Silvia Koller &amp; Heinz St\u00fcssi<\/td>\n<td><\/td>\n<\/tr>\n<tr>\n<td><a href=\"mailto:info@paraisosuizo.com\">info@paraisosuizo.com<\/a><\/td>\n<td><\/td>\n<\/tr>\n<tr>\n<td><a href=\"http:\/\/www.paraisosuizo.com\/\">www.paraisosuizo.com<\/a><\/td>\n<td><\/td>\n<\/tr>\n<\/tbody>\n<\/table>\n<\/div><\/div><\/div><\/div><\/div>\n","protected":false},"excerpt":{"rendered":"Printemps 2023 Le transport de l'Am\u00e9rique du Sud vers l'Europe \u00e9tait tout sauf sans stress ! Les compagnies maritimes ont augment\u00e9 leurs prix non seulement pour RoRo, mais en g\u00e9n\u00e9ral et nous font comprendre tr\u00e8s  [...]","protected":false},"author":4,"featured_media":29705,"comment_status":"open","ping_status":"open","sticky":false,"template":"","format":"standard","meta":{"_jetpack_memberships_contains_paid_content":false,"footnotes":"","jetpack_publicize_message":"","jetpack_publicize_feature_enabled":true,"jetpack_social_post_already_shared":false,"jetpack_social_options":{"image_generator_settings":{"template":"highway","default_image_id":0,"font":"","enabled":false},"version":2}},"categories":[1084,9,929],"tags":[1469,425,1147,1340,1472,1143,1481,693,428,1466,1475,740,1144,1493,1460,866,384,1496,485,932,1113,1490,1334,1448,1484,341,377,1478,725,1349],"class_list":["post-29710","post","type-post","status-publish","format-standard","has-post-thumbnail","hentry","category-amerique-du-sud","category-allgemein-fr","category-roro-verschiffung-fr","tag-3eme_age_voyage","tag-6x6-fr","tag-amerique-du-sud","tag-aventure","tag-camper-fr","tag-man-fr","tag-motorhome","tag-nature-fr","tag-off-road-fr","tag-offroad_motor_home","tag-offroad_vehicule","tag-overlander","tag-overlander-2-fr","tag-pension-fr","tag-poidslourd_campingcar","tag-reisemobil-fr","tag-reportage-de-voyage","tag-retraite-fr","tag-retraite","tag-roro-fr","tag-route-fr","tag-route-fr-2","tag-tour-du-monde","tag-vanlife-fr","tag-vehicule","tag-vehicule-dexpedition","tag-vehicule-habitable","tag-vehicule_dexpedition_6x6","tag-voyage","tag-voyage-a-long-terme"],"jetpack_publicize_connections":[],"jetpack_featured_media_url":"https:\/\/www.pegasus-unterwegs.ch\/wp-content\/uploads\/2023\/05\/23.6-Verschiffung-scaled.gif","jetpack_sharing_enabled":true,"_links":{"self":[{"href":"https:\/\/www.pegasus-unterwegs.ch\/fr\/wp-json\/wp\/v2\/posts\/29710","targetHints":{"allow":["GET"]}}],"collection":[{"href":"https:\/\/www.pegasus-unterwegs.ch\/fr\/wp-json\/wp\/v2\/posts"}],"about":[{"href":"https:\/\/www.pegasus-unterwegs.ch\/fr\/wp-json\/wp\/v2\/types\/post"}],"author":[{"embeddable":true,"href":"https:\/\/www.pegasus-unterwegs.ch\/fr\/wp-json\/wp\/v2\/users\/4"}],"replies":[{"embeddable":true,"href":"https:\/\/www.pegasus-unterwegs.ch\/fr\/wp-json\/wp\/v2\/comments?post=29710"}],"version-history":[{"count":3,"href":"https:\/\/www.pegasus-unterwegs.ch\/fr\/wp-json\/wp\/v2\/posts\/29710\/revisions"}],"predecessor-version":[{"id":29717,"href":"https:\/\/www.pegasus-unterwegs.ch\/fr\/wp-json\/wp\/v2\/posts\/29710\/revisions\/29717"}],"wp:featuredmedia":[{"embeddable":true,"href":"https:\/\/www.pegasus-unterwegs.ch\/fr\/wp-json\/wp\/v2\/media\/29705"}],"wp:attachment":[{"href":"https:\/\/www.pegasus-unterwegs.ch\/fr\/wp-json\/wp\/v2\/media?parent=29710"}],"wp:term":[{"taxonomy":"category","embeddable":true,"href":"https:\/\/www.pegasus-unterwegs.ch\/fr\/wp-json\/wp\/v2\/categories?post=29710"},{"taxonomy":"post_tag","embeddable":true,"href":"https:\/\/www.pegasus-unterwegs.ch\/fr\/wp-json\/wp\/v2\/tags?post=29710"}],"curies":[{"name":"wp","href":"https:\/\/api.w.org\/{rel}","templated":true}]}}