{"id":33805,"date":"2024-09-18T12:18:13","date_gmt":"2024-09-18T10:18:13","guid":{"rendered":"https:\/\/www.pegasus-unterwegs.ch\/240918-wuestenfestival\/"},"modified":"2024-09-18T12:23:29","modified_gmt":"2024-09-18T10:23:29","slug":"240918-wuestenfestival","status":"publish","type":"post","link":"https:\/\/www.pegasus-unterwegs.ch\/fr\/240918-wuestenfestival\/","title":{"rendered":"Festival du D\u00e9sert"},"content":{"rendered":"<div class=\"fusion-fullwidth fullwidth-box fusion-builder-row-1 fusion-flex-container has-pattern-background has-mask-background hundred-percent-fullwidth non-hundred-percent-height-scrolling\" style=\"--awb-border-radius-top-left:0px;--awb-border-radius-top-right:0px;--awb-border-radius-bottom-right:0px;--awb-border-radius-bottom-left:0px;--awb-flex-wrap:wrap;\" ><div class=\"fusion-builder-row fusion-row fusion-flex-align-items-flex-start fusion-flex-content-wrap\" style=\"width:104% !important;max-width:104% !important;margin-left: calc(-4% \/ 2 );margin-right: calc(-4% \/ 2 );\"><div class=\"fusion-layout-column fusion_builder_column fusion-builder-column-0 fusion_builder_column_1_1 1_1 fusion-flex-column\" style=\"--awb-bg-size:cover;--awb-width-large:100%;--awb-margin-top-large:0px;--awb-spacing-right-large:1.92%;--awb-margin-bottom-large:20px;--awb-spacing-left-large:1.92%;--awb-width-medium:100%;--awb-order-medium:0;--awb-spacing-right-medium:1.92%;--awb-spacing-left-medium:1.92%;--awb-width-small:100%;--awb-order-small:0;--awb-spacing-right-small:1.92%;--awb-spacing-left-small:1.92%;\"><div class=\"fusion-column-wrapper fusion-column-has-shadow fusion-flex-justify-content-flex-start fusion-content-layout-column\"><div class=\"fusion-separator fusion-full-width-sep\" style=\"align-self: center;margin-left: auto;margin-right: auto;margin-top:30px;width:100%;\"><\/div><div class=\"fusion-text fusion-text-1\"><p>Pour la premi\u00e8re fois, nous parcourons de plus longues distances sur du sable mou avec Globi, sans piste ni trace. Malgr\u00e9 l&rsquo;exp\u00e9rience dans le d\u00e9sert, le voyage avec toute notre maison est une autre histoire et rester coinc\u00e9 est un cauchemar. Les \u00c9miratis c\u00e9l\u00e8brent une grande f\u00eate du d\u00e9sert dans le d\u00e9sert, \u00e0 laquelle nous avions la chance \u00e0 participer. Ce que les \u00c9mirats arabes unis r\u00e9alisent ici chaque ann\u00e9e est extr\u00eamement impressionnant.<\/p>\n<\/div><div class=\"fusion-separator fusion-full-width-sep\" style=\"align-self: center;margin-left: auto;margin-right: auto;margin-top:30px;width:100%;\"><\/div><div class=\"fusion-video fusion-youtube\" style=\"--awb-max-width:1920px;--awb-max-height:1080px;--awb-align-self:center;--awb-width:100%;\"><div class=\"video-shortcode\"><div class=\"fluid-width-video-wrapper\" style=\"padding-top:56.25%;\" ><iframe title=\"YouTube video player 1\" src=\"https:\/\/www.youtube.com\/embed\/L4Gl4rhDdM8?wmode=transparent&autoplay=0\" width=\"1920\" height=\"1080\" allowfullscreen allow=\"autoplay; clipboard-write; encrypted-media; gyroscope; picture-in-picture;\"><\/iframe><\/div><\/div><\/div><\/div><\/div><\/div><\/div>\n","protected":false},"excerpt":{"rendered":"Pour la premi\u00e8re fois, nous parcourons de plus longues distances sur du sable mou avec Globi, sans piste ni trace. Malgr\u00e9 l'exp\u00e9rience dans le d\u00e9sert, le voyage avec toute notre maison est une autre histoire  [...]","protected":false},"author":4,"featured_media":33802,"comment_status":"open","ping_status":"open","sticky":false,"template":"","format":"standard","meta":{"_jetpack_memberships_contains_paid_content":false,"footnotes":"","jetpack_publicize_message":"","jetpack_publicize_feature_enabled":true,"jetpack_social_post_already_shared":false,"jetpack_social_options":{"image_generator_settings":{"template":"highway","default_image_id":0,"font":"","enabled":false},"version":2}},"categories":[2196,9,2275,154],"tags":[425,2214,1340,1472,2360,2284,1888,1602,1143,1481,693,428,2026,1475,740,1460,866,384,485,1334,1448,341,377,994,725,1349],"class_list":["post-33805","post","type-post","status-publish","format-standard","has-post-thumbnail","hentry","category-asie","category-allgemein-fr","category-eau","category-video-fr","tag-6x6-fr","tag-asien-fr","tag-aventure","tag-camper-fr","tag-conduite-sur-sable","tag-desert-fr","tag-eau","tag-festival-fr","tag-man-fr","tag-motorhome","tag-nature-fr","tag-off-road-fr","tag-offroadcamper-fr","tag-offroad_vehicule","tag-overlander","tag-poidslourd_campingcar","tag-reisemobil-fr","tag-reportage-de-voyage","tag-retraite","tag-tour-du-monde","tag-vanlife-fr","tag-vehicule-dexpedition","tag-vehicule-habitable","tag-video-fr","tag-voyage","tag-voyage-a-long-terme"],"jetpack_publicize_connections":[],"jetpack_featured_media_url":"https:\/\/www.pegasus-unterwegs.ch\/wp-content\/uploads\/2024\/09\/24.07-Video-VAE-scaled.gif","jetpack_sharing_enabled":true,"_links":{"self":[{"href":"https:\/\/www.pegasus-unterwegs.ch\/fr\/wp-json\/wp\/v2\/posts\/33805","targetHints":{"allow":["GET"]}}],"collection":[{"href":"https:\/\/www.pegasus-unterwegs.ch\/fr\/wp-json\/wp\/v2\/posts"}],"about":[{"href":"https:\/\/www.pegasus-unterwegs.ch\/fr\/wp-json\/wp\/v2\/types\/post"}],"author":[{"embeddable":true,"href":"https:\/\/www.pegasus-unterwegs.ch\/fr\/wp-json\/wp\/v2\/users\/4"}],"replies":[{"embeddable":true,"href":"https:\/\/www.pegasus-unterwegs.ch\/fr\/wp-json\/wp\/v2\/comments?post=33805"}],"version-history":[{"count":3,"href":"https:\/\/www.pegasus-unterwegs.ch\/fr\/wp-json\/wp\/v2\/posts\/33805\/revisions"}],"predecessor-version":[{"id":33812,"href":"https:\/\/www.pegasus-unterwegs.ch\/fr\/wp-json\/wp\/v2\/posts\/33805\/revisions\/33812"}],"wp:featuredmedia":[{"embeddable":true,"href":"https:\/\/www.pegasus-unterwegs.ch\/fr\/wp-json\/wp\/v2\/media\/33802"}],"wp:attachment":[{"href":"https:\/\/www.pegasus-unterwegs.ch\/fr\/wp-json\/wp\/v2\/media?parent=33805"}],"wp:term":[{"taxonomy":"category","embeddable":true,"href":"https:\/\/www.pegasus-unterwegs.ch\/fr\/wp-json\/wp\/v2\/categories?post=33805"},{"taxonomy":"post_tag","embeddable":true,"href":"https:\/\/www.pegasus-unterwegs.ch\/fr\/wp-json\/wp\/v2\/tags?post=33805"}],"curies":[{"name":"wp","href":"https:\/\/api.w.org\/{rel}","templated":true}]}}