{"id":9020,"date":"2013-06-11T16:50:39","date_gmt":"2013-06-11T14:50:39","guid":{"rendered":"https:\/\/www.pegasus-unterwegs.ch\/fr\/rss-notes-greece\/"},"modified":"2018-09-17T10:11:00","modified_gmt":"2018-09-17T08:11:00","slug":"rss-notes-greece","status":"publish","type":"post","link":"https:\/\/www.pegasus-unterwegs.ch\/fr\/rss-notes-greece\/","title":{"rendered":"Amabilit\u00e9 immense"},"content":{"rendered":"<div class=\"wpb-content-wrapper\"><div class=\"fusion-fullwidth fullwidth-box fusion-builder-row-1 hundred-percent-fullwidth non-hundred-percent-height-scrolling\" style=\"--awb-border-radius-top-left:0px;--awb-border-radius-top-right:0px;--awb-border-radius-bottom-right:0px;--awb-border-radius-bottom-left:0px;--awb-overflow:visible;--awb-flex-wrap:wrap;\" ><div class=\"fusion-builder-row fusion-row\"><div class=\"fusion-layout-column fusion_builder_column fusion-builder-column-0 fusion_builder_column_1_1 1_1 fusion-one-full fusion-column-first fusion-column-last fusion-column-no-min-height\" style=\"--awb-bg-size:cover;--awb-margin-bottom:0px;\"><div class=\"fusion-column-wrapper fusion-flex-column-wrapper-legacy\">[vc_row][vc_column][vc_column_text]21.5. &#8211; 3.6.13[\/vc_column_text][\/vc_column][\/vc_row]<div class=\"fusion-clearfix\"><\/div><\/div><\/div><div class=\"fusion-layout-column fusion_builder_column fusion-builder-column-1 fusion_builder_column_1_1 1_1 fusion-one-full fusion-column-first fusion-column-last fusion-column-no-min-height\" style=\"--awb-bg-size:cover;--awb-margin-bottom:0px;\"><div class=\"fusion-column-wrapper fusion-flex-column-wrapper-legacy\">[vc_row][vc_column width=\u00a0\u00bb1\/2&Prime;][vc_column_text]Quand nous nous rappelons \u00e0 Gr\u00e8ce, forc\u00e9ment des images des cotes extr\u00eamement romantiques, des collines douce, des endroits historiques exquisit\u00e9s et des vus indescriptible appariaient. Mais ce qui est rest\u00e9 chez nous c\u2019est surtout l\u2019amabilit\u00e9 incroyable des Grecs.<\/p>\n<p style=\"text-align: justify;\">\u00c0 la premi\u00e8re ville o\u00f9 nous avons nuit\u00e9e \u00e7a a d\u00e9j\u00e0 commenc\u00e9. La propri\u00e9taire de notre B&amp;B, une mondaine m\u00fbre et dirigeante, qui m\u00e8ne leur petit empire matriarcale, m\u00eame qu\u2019elle se sort pratiquement pas de son bureau tout la journ\u00e9e nous a aid\u00e9 avec notre service de moto. Nous l\u2019avons demand\u00e9 de nous r\u00e9server une date chez BMW Thessaloniki, mais une date que nous avons fix\u00e9 nous, parce que nous \u00e9tions seulement ce jour-l\u00e0 l\u00e0. Elle a aim\u00e9 cette t\u00e2che et elle a fix\u00e9 ce date \u2013 en grec \u2013 sans demander si serait possible ou pas. Elle a expliqu\u00e9 ce qu\u2019il \u00e9tait \u00e0 faire et point finale. Nous avons re\u00e7u de BMW Thessaloniki un mail de confirmation \u2013 en allemand\u00a0! A la fin elle nous a offert un adieu tr\u00e8s personnel et nous a donn\u00e9 en plus un cadeau pour souvenir.<\/p>\n[\/vc_column_text][\/vc_column][vc_column width=\u00a0\u00bb1\/2&Prime;][vc_single_image image=\u00a0\u00bb5862&Prime; img_size=\u00a0\u00bbfull\u00a0\u00bb css=\u00a0\u00bb.vc_custom_1431961365748{margin-top: 5px !important;}\u00a0\u00bb][\/vc_column][\/vc_row]<div class=\"fusion-clearfix\"><\/div><\/div><\/div><div class=\"fusion-layout-column fusion_builder_column fusion-builder-column-2 fusion_builder_column_1_1 1_1 fusion-one-full fusion-column-first fusion-column-last fusion-column-no-min-height\" style=\"--awb-bg-size:cover;--awb-margin-bottom:0px;\"><div class=\"fusion-column-wrapper fusion-flex-column-wrapper-legacy\">[vc_row][vc_column width=\u00a0\u00bb1\/6&Prime;][vc_single_image image=\u00a0\u00bb5861&Prime; img_size=\u00a0\u00bbfull\u00a0\u00bb][\/vc_column][vc_column width=\u00a0\u00bb5\/6&Prime;][vc_column_text]\n<p style=\"text-align: justify;\">Ou bien \u00e0 Corinth o\u00f9 nous avons rencontr\u00e9 Dimitrios dans son restaurant. Il se mit \u00e0 cot\u00e9 de nous tout le temps que nous \u00e9tions dans son restaurant et il nous a racont\u00e9 son histoire. Ses parents ont \u00e9migr\u00e9 au Canada lorsqu\u2019il \u00e9tait gamin. Adulte il est retourn\u00e9 en Gr\u00e8ce et maintenant il m\u00e8ne le restaurant de son oncle. Nous avons pass\u00e9 un temps tr\u00e8s int\u00e9ressant avec lui et nous avons appris beaucoup de lui et de l\u2019\u00e2me des Grecs.<\/p>\n<p style=\"text-align: justify;\">Il nous a beaucoup plu aussi chez les Costis \u00e0 Evangelistria. Un couple \u2013 lui ancien Art Director dans une agence internationale \u00e0 Ath\u00e8nes -, qui ont transform\u00e9 leur ancienne r\u00e9sidence secondaire dans une Guesthouse. Aujourd\u2019hui ils vivent entend comme retrait\u00e9 en h\u00e9bergeant des h\u00f4tes dans un environnement calme, recul\u00e9 et reposant. Elle est une cuisini\u00e8re extraordinaire et lui serve des vins sensationnelle de son cave. Nous nous sentons vraiment \u00e0 la maison chez eux. Ils sont des h\u00f4tes tellement charmante et merveilleux.<\/p>\n[\/vc_column_text][\/vc_column][\/vc_row]<div class=\"fusion-clearfix\"><\/div><\/div><\/div><div class=\"fusion-layout-column fusion_builder_column fusion-builder-column-3 fusion_builder_column_1_1 1_1 fusion-one-full fusion-column-first fusion-column-last fusion-column-no-min-height\" style=\"--awb-bg-size:cover;--awb-margin-bottom:0px;\"><div class=\"fusion-column-wrapper fusion-flex-column-wrapper-legacy\">[vc_row][vc_column width=\u00a0\u00bb3\/4&Prime;][vc_column_text]\n<p style=\"text-align: justify;\">Aussi la famille propri\u00e9taire du h\u00f4tel \u00e0 Ano Stavros nous avons d\u00e9couvrit comme une SA famille tr\u00e8s engag\u00e9. Comme surprise Gabi a command\u00e9 bien en avance un g\u00e2teau de chocolat pour mon anniversaire et la famille a confirm\u00e9 qu\u2019il y a aucun probl\u00e8me. En arrivant nous avons re\u00e7u une chambre tr\u00e8s correcte mais sans g\u00e2teaux de chocolat\u00a0! D\u00e9\u00e7ue Gabi a r\u00e9clam\u00e9e \u00e0 la r\u00e9ception. La femme \u00e9tait choqu\u00e9e. Elle nous a donn\u00e9 pas la chambre juste puisque nous \u00e9tions not\u00e9s deux fois chez eux. Tout \u00e9tait pr\u00eat mais dans une autre chambre. Alors elle s\u2019est pr\u00e9sent\u00e9e chez moi pour me dire qu\u2019il faut changer la chambre pour recevoir une plus grande et plus jolis. Et voil\u00e0 le g\u00e2teau de chocolat \u00e9tait l\u00e0 avec des bougies en flamme. Il ne faut pas dire qu\u2019ils se sont tromp\u00e9s dans le chiffre\u2026 Le fr\u00e8re de la r\u00e9ceptionniste, le propri\u00e9taire et cuisiner nous a pr\u00e9par\u00e9 un diner d\u00e9licieux, quand m\u00eame une surprise pour l\u2019anniversaire.<\/p>\n[\/vc_column_text][\/vc_column][vc_column width=\u00a0\u00bb1\/4&Prime;][vc_single_image image=\u00a0\u00bb5864&Prime; img_size=\u00a0\u00bbfull\u00a0\u00bb css=\u00a0\u00bb.vc_custom_1431962552234{margin-top: 6px !important;}\u00a0\u00bb][\/vc_column][\/vc_row]<div class=\"fusion-clearfix\"><\/div><\/div><\/div><div class=\"fusion-layout-column fusion_builder_column fusion-builder-column-4 fusion_builder_column_1_1 1_1 fusion-one-full fusion-column-first fusion-column-last fusion-column-no-min-height\" style=\"--awb-bg-size:cover;--awb-margin-bottom:0px;\"><div class=\"fusion-column-wrapper fusion-flex-column-wrapper-legacy\">[vc_row][vc_column][vc_column_text]\n<p style=\"text-align: justify;\">Pendant notre derni\u00e8re nuit en Gr\u00e8ce nous avons fait la connaissance de Nasos, le fis d\u2019un h\u00f4telier et successeur. Nous avons r\u00e9serv\u00e9 une chambre dans son h\u00f4tel, mais les travaux de r\u00e9novation \u00e9taient encore en cour. Il nous a offert une chambre pr\u00e8s du port plus au moins au bord de la mer. Il s\u2019est excus\u00e9 plusieurs fois pour les adversit\u00e9s et parce que la qualit\u00e9 de la chambre \u00e9tait nettement inf\u00e9rieur de celle du h\u00f4tel. Il nous a invit\u00e9 pour une bi\u00e8re et il a nous a pr\u00e9sent\u00e9 George un r\u00e9dacteur d\u2019un news channel. George nous a interviewer et a r\u00e9diger un texte dans son blog local de notre voyage. L\u2019Interview a pris place au bord de la mer pendant le coucher du soleil et avec peu pr\u00e8s un million des moustiques. Ensuite nous avons mang\u00e9 tous les quatre ensembles et nous avons v\u00e9cu une soir\u00e9e super int\u00e9ressante et passionnante.<\/p>\n[\/vc_column_text][\/vc_column][\/vc_row]<div class=\"fusion-clearfix\"><\/div><\/div><\/div><div class=\"fusion-layout-column fusion_builder_column fusion-builder-column-5 fusion_builder_column_1_1 1_1 fusion-one-full fusion-column-first fusion-column-last fusion-column-no-min-height\" style=\"--awb-bg-size:cover;--awb-margin-bottom:0px;\"><div class=\"fusion-column-wrapper fusion-flex-column-wrapper-legacy\">[vc_row][vc_column][vc_single_image image=\u00a0\u00bb5860&Prime; img_size=\u00a0\u00bbfull\u00a0\u00bb][\/vc_column][\/vc_row]<div class=\"fusion-clearfix\"><\/div><\/div><\/div><div class=\"fusion-layout-column fusion_builder_column fusion-builder-column-6 fusion_builder_column_1_1 1_1 fusion-one-full fusion-column-first fusion-column-last fusion-column-no-min-height\" style=\"--awb-bg-size:cover;--awb-margin-bottom:0px;\"><div class=\"fusion-column-wrapper fusion-flex-column-wrapper-legacy\">[vc_row][vc_column][vc_column_text]\n<p style=\"text-align: justify;\">Les rencontres d\u00e9crites \u00e9taient effectivement des aspects originaux. Nous nous \u00e9tions toujours surpris combien de temps et d\u2019int\u00e9r\u00eat les gens nous avons apport\u00e9s. La Gr\u00e8ce offert beaucoup de paysage, de culture et de l\u2019art avec cette richesse et l\u2019attitude des citoyens ils devraient sortir facilement de leur crise politique.<\/p>\n[\/vc_column_text][\/vc_column][\/vc_row]<div class=\"fusion-clearfix\"><\/div><\/div><\/div><div class=\"fusion-layout-column fusion_builder_column fusion-builder-column-7 fusion_builder_column_1_1 1_1 fusion-one-full fusion-column-first fusion-column-last fusion-column-no-min-height\" style=\"--awb-bg-size:cover;--awb-margin-bottom:0px;\"><div class=\"fusion-column-wrapper fusion-flex-column-wrapper-legacy\">[vc_row][vc_column width=\u00a0\u00bb1\/12&Prime;][vc_icon icon_fontawesome=\u00a0\u00bbfa fa-reply\u00a0\u00bb color=\u00a0\u00bbgrey\u00a0\u00bb link=\u00a0\u00bburl:http%3A%2F%2Fwww.pegasus-unterwegs.ch%2Ffr%2Freisen%2Fnotizen%2Fmittelmeernotizen%2Fnotes-montenegroalbanie%2F||\u00a0\u00bb][\/vc_column][vc_column width=\u00a0\u00bb2\/12&Prime;][vc_column_text css=\u00a0\u00bb.vc_custom_1442226655591{margin-top: 20px !important;}\u00a0\u00bb]pr\u00e9c\u00e9dant[\/vc_column_text][\/vc_column][vc_column width=\u00a0\u00bb1\/12&Prime;][vc_icon icon_fontawesome=\u00a0\u00bbfa fa-film\u00a0\u00bb color=\u00a0\u00bbgrey\u00a0\u00bb link=\u00a0\u00bburl:http%3A%2F%2Fwww.pegasus-unterwegs.ch%2Ffr%2Freisen%2Ffotos-film%2Fmittelmeertour%2Fgriechenlandfotos%2F||target:%20_blank\u00a0\u00bb][\/vc_column][vc_column width=\u00a0\u00bb2\/12&Prime;][vc_column_text css=\u00a0\u00bb.vc_custom_1442226666898{margin-top: 20px !important;}\u00a0\u00bb]Multim\u00e9dia[\/vc_column_text][\/vc_column][vc_column width=\u00a0\u00bb1\/12&Prime;][vc_icon icon_fontawesome=\u00a0\u00bbfa fa-picture-o\u00a0\u00bb color=\u00a0\u00bbgrey\u00a0\u00bb link=\u00a0\u00bburl:http%3A%2F%2Fwww.pegasus-unterwegs.ch%2Fwp-content%2Fuploads%2F2013%2F06%2FGriechenland.jpg||target:%20_blank\u00a0\u00bb][\/vc_column][vc_column width=\u00a0\u00bb2\/12&Prime;][vc_column_text css=\u00a0\u00bb.vc_custom_1442226680351{margin-top: 20px !important;}\u00a0\u00bb]Itin\u00e9raire[\/vc_column_text][\/vc_column][vc_column width=\u00a0\u00bb1\/12&Prime;][vc_icon icon_fontawesome=\u00a0\u00bbfa fa-share\u00a0\u00bb color=\u00a0\u00bbgrey\u00a0\u00bb link=\u00a0\u00bburl:http%3A%2F%2Fwww.pegasus-unterwegs.ch%2Ffr%2Freisen%2Fnotizen%2Fmittelmeernotizen%2Fturkeinotizen%2F||\u00a0\u00bb][\/vc_column][vc_column width=\u00a0\u00bb2\/12&Prime;][vc_column_text css=\u00a0\u00bb.vc_custom_1442226692374{margin-top: 20px !important;}\u00a0\u00bb]prochain[\/vc_column_text][\/vc_column][\/vc_row]<div class=\"fusion-clearfix\"><\/div><\/div><\/div><\/div><\/div>\n<\/div>","protected":false},"excerpt":{"rendered":"[vc_row][vc_column][vc_column_text]21.5. - 3.6.13[\/vc_column_text][\/vc_column][\/vc_row][vc_row][vc_column width=\"1\/2\"][vc_column_text]Quand nous nous rappelons \u00e0 Gr\u00e8ce, forc\u00e9ment des images des cotes extr\u00eamement romantiques, des collines douce, des endroits historiques exquisit\u00e9s et des vus indescriptible appariaient. Mais ce qui est rest\u00e9 chez nous  [...]","protected":false},"author":4,"featured_media":9943,"comment_status":"closed","ping_status":"closed","sticky":false,"template":"","format":"standard","meta":{"_jetpack_memberships_contains_paid_content":false,"footnotes":"","jetpack_publicize_message":"","jetpack_publicize_feature_enabled":true,"jetpack_social_post_already_shared":false,"jetpack_social_options":{"image_generator_settings":{"template":"highway","default_image_id":0,"font":"","enabled":false},"version":2}},"categories":[9,195,170,192,188],"tags":[],"class_list":["post-9020","post","type-post","status-publish","format-standard","has-post-thumbnail","hentry","category-allgemein-fr","category-griechenland-fr","category-journal-de-bord","category-mittelmeer-fr","category-motorrad-fr"],"jetpack_publicize_connections":[],"jetpack_featured_media_url":"https:\/\/www.pegasus-unterwegs.ch\/wp-content\/uploads\/2013\/06\/N-Griechenland-130525-2028-_DSC4318.jpg","jetpack_sharing_enabled":true,"_links":{"self":[{"href":"https:\/\/www.pegasus-unterwegs.ch\/fr\/wp-json\/wp\/v2\/posts\/9020","targetHints":{"allow":["GET"]}}],"collection":[{"href":"https:\/\/www.pegasus-unterwegs.ch\/fr\/wp-json\/wp\/v2\/posts"}],"about":[{"href":"https:\/\/www.pegasus-unterwegs.ch\/fr\/wp-json\/wp\/v2\/types\/post"}],"author":[{"embeddable":true,"href":"https:\/\/www.pegasus-unterwegs.ch\/fr\/wp-json\/wp\/v2\/users\/4"}],"replies":[{"embeddable":true,"href":"https:\/\/www.pegasus-unterwegs.ch\/fr\/wp-json\/wp\/v2\/comments?post=9020"}],"version-history":[{"count":0,"href":"https:\/\/www.pegasus-unterwegs.ch\/fr\/wp-json\/wp\/v2\/posts\/9020\/revisions"}],"wp:featuredmedia":[{"embeddable":true,"href":"https:\/\/www.pegasus-unterwegs.ch\/fr\/wp-json\/wp\/v2\/media\/9943"}],"wp:attachment":[{"href":"https:\/\/www.pegasus-unterwegs.ch\/fr\/wp-json\/wp\/v2\/media?parent=9020"}],"wp:term":[{"taxonomy":"category","embeddable":true,"href":"https:\/\/www.pegasus-unterwegs.ch\/fr\/wp-json\/wp\/v2\/categories?post=9020"},{"taxonomy":"post_tag","embeddable":true,"href":"https:\/\/www.pegasus-unterwegs.ch\/fr\/wp-json\/wp\/v2\/tags?post=9020"}],"curies":[{"name":"wp","href":"https:\/\/api.w.org\/{rel}","templated":true}]}}